{"id":1007,"date":"2023-02-13T12:08:19","date_gmt":"2023-02-13T12:08:19","guid":{"rendered":"https:\/\/edublog.educastur.es\/agrariaiesconcejodetineo\/?p=1007"},"modified":"2023-05-29T08:34:04","modified_gmt":"2023-05-29T08:34:04","slug":"el-urogallo-tetrao-urogallo","status":"publish","type":"post","link":"https:\/\/edublog.educastur.es\/agrariaiesconcejodetineo\/2023\/02\/13\/el-urogallo-tetrao-urogallo\/","title":{"rendered":"El urogallo (Tetrao urogallo)"},"content":{"rendered":"<p style=\"text-align: justify\"><span style=\"font-family: arial, helvetica, sans-serif;font-size: 10pt\">La semana pasada, y gracias a la colaboraci\u00f3n de Mario Quevedo de Anta, profesor titular de \u00abEcolog\u00eda\u00bb de la Universidad de Oviedo, que nos cedi\u00f3 muestras variadas de rastros de urogallo, el alumnado del ciclo de \u00abGesti\u00f3n Forestal y del Medio Natural\u00bb, realiz\u00f3 una clase pr\u00e1ctica en nuestro laboratorio.\u00a0<\/span><\/p>\n<p style=\"text-align: justify\"><span style=\"font-family: arial, helvetica, sans-serif;font-size: 10pt\">L@s alumn@s pudieron ver con la lupa distintos excrementos y plumas, adem\u00e1s de estudiar la diferencias entre distintas plumas, as\u00ed como su relaci\u00f3n con las partes del cuerpo, y los individuos a los que pertenec\u00edan. <\/span><\/p>\n<p>&nbsp;<\/p>\n<p><img loading=\"lazy\" decoding=\"async\" class=\"alignnone size-medium wp-image-1010\" src=\"http:\/\/edublog.educastur.es\/agrariaiesconcejodetineo\/files\/2023\/02\/Urogallo_2-225x300.png\" alt=\"\" width=\"225\" height=\"300\" srcset=\"https:\/\/edublog.educastur.es\/agrariaiesconcejodetineo\/files\/2023\/02\/Urogallo_2-225x300.png 225w, https:\/\/edublog.educastur.es\/agrariaiesconcejodetineo\/files\/2023\/02\/Urogallo_2.png 720w\" sizes=\"auto, (max-width: 225px) 100vw, 225px\" \/><\/p>\n<p>&nbsp;<\/p>\n","protected":false},"excerpt":{"rendered":"<p>La semana pasada, y gracias a la colaboraci\u00f3n de Mario Quevedo de Anta, profesor titular de \u00abEcolog\u00eda\u00bb de la Universidad de Oviedo, que nos cedi\u00f3 muestras variadas de rastros de urogallo, el alumnado del ciclo de \u00abGesti\u00f3n Forestal y del Medio Natural\u00bb, realiz\u00f3 una clase pr\u00e1ctica en nuestro laboratorio.\u00a0 L@s alumn@s pudieron ver con la [&hellip;]<\/p>\n","protected":false},"author":1689,"featured_media":0,"comment_status":"open","ping_status":"open","sticky":false,"template":"","format":"standard","meta":{"footnotes":""},"categories":[1],"tags":[],"class_list":["post-1007","post","type-post","status-publish","format-standard","hentry","category-sin-categoria"],"_links":{"self":[{"href":"https:\/\/edublog.educastur.es\/agrariaiesconcejodetineo\/wp-json\/wp\/v2\/posts\/1007","targetHints":{"allow":["GET"]}}],"collection":[{"href":"https:\/\/edublog.educastur.es\/agrariaiesconcejodetineo\/wp-json\/wp\/v2\/posts"}],"about":[{"href":"https:\/\/edublog.educastur.es\/agrariaiesconcejodetineo\/wp-json\/wp\/v2\/types\/post"}],"author":[{"embeddable":true,"href":"https:\/\/edublog.educastur.es\/agrariaiesconcejodetineo\/wp-json\/wp\/v2\/users\/1689"}],"replies":[{"embeddable":true,"href":"https:\/\/edublog.educastur.es\/agrariaiesconcejodetineo\/wp-json\/wp\/v2\/comments?post=1007"}],"version-history":[{"count":4,"href":"https:\/\/edublog.educastur.es\/agrariaiesconcejodetineo\/wp-json\/wp\/v2\/posts\/1007\/revisions"}],"predecessor-version":[{"id":1050,"href":"https:\/\/edublog.educastur.es\/agrariaiesconcejodetineo\/wp-json\/wp\/v2\/posts\/1007\/revisions\/1050"}],"wp:attachment":[{"href":"https:\/\/edublog.educastur.es\/agrariaiesconcejodetineo\/wp-json\/wp\/v2\/media?parent=1007"}],"wp:term":[{"taxonomy":"category","embeddable":true,"href":"https:\/\/edublog.educastur.es\/agrariaiesconcejodetineo\/wp-json\/wp\/v2\/categories?post=1007"},{"taxonomy":"post_tag","embeddable":true,"href":"https:\/\/edublog.educastur.es\/agrariaiesconcejodetineo\/wp-json\/wp\/v2\/tags?post=1007"}],"curies":[{"name":"wp","href":"https:\/\/api.w.org\/{rel}","templated":true}]}}