{"id":1014,"date":"2023-02-16T11:34:47","date_gmt":"2023-02-16T11:34:47","guid":{"rendered":"https:\/\/edublog.educastur.es\/agrariaiesconcejodetineo\/?p=1014"},"modified":"2023-05-29T08:33:46","modified_gmt":"2023-05-29T08:33:46","slug":"incendios-forestales-asturias-febrero-2023","status":"publish","type":"post","link":"https:\/\/edublog.educastur.es\/agrariaiesconcejodetineo\/2023\/02\/16\/incendios-forestales-asturias-febrero-2023\/","title":{"rendered":"Incendios forestales Asturias Febrero 2023"},"content":{"rendered":"<p style=\"text-align: justify\">Ayer mi\u00e9rcoles 15 de febrero, a petici\u00f3n de los usuarios del monte comunal Bra\u00f1as\u00edn, se realiz\u00f3 una quema controlada, bajo la direcci\u00f3n de la direcci\u00f3n de la Consejer\u00eda de Medio Rural, y ejecutada por miembros de la BRIF de Tineo y la UME.<\/p>\n<p style=\"text-align: justify\"><img loading=\"lazy\" decoding=\"async\" class=\"alignnone size-medium wp-image-1017\" src=\"http:\/\/edublog.educastur.es\/agrariaiesconcejodetineo\/files\/2023\/02\/BlogDSC9583-300x200.jpg\" alt=\"\" width=\"300\" height=\"200\" srcset=\"https:\/\/edublog.educastur.es\/agrariaiesconcejodetineo\/files\/2023\/02\/BlogDSC9583-300x200.jpg 300w, https:\/\/edublog.educastur.es\/agrariaiesconcejodetineo\/files\/2023\/02\/BlogDSC9583.jpg 450w\" sizes=\"auto, (max-width: 300px) 100vw, 300px\" \/><\/p>\n<p style=\"text-align: justify\">Aprovechando esta pr\u00e1ctica, el alumnado de GFOR2 y ACO2, tuvo oportunidad de asistir como observadores.<\/p>\n<p style=\"text-align: justify\"><img loading=\"lazy\" decoding=\"async\" class=\"alignnone size-medium wp-image-1016\" src=\"http:\/\/edublog.educastur.es\/agrariaiesconcejodetineo\/files\/2023\/02\/BlogDSC9593-300x200.jpg\" alt=\"\" width=\"300\" height=\"200\" srcset=\"https:\/\/edublog.educastur.es\/agrariaiesconcejodetineo\/files\/2023\/02\/BlogDSC9593-300x200.jpg 300w, https:\/\/edublog.educastur.es\/agrariaiesconcejodetineo\/files\/2023\/02\/BlogDSC9593.jpg 450w\" sizes=\"auto, (max-width: 300px) 100vw, 300px\" \/><\/p>\n<p style=\"text-align: justify\">Queremos agradecer a Hilario L\u00f3pez, guarda mayor de Tineo, su invitaci\u00f3n.<\/p>\n<p style=\"text-align: justify\">\u00a1Os dejamos nuestra presencia en medios de comunicaci\u00f3n!<\/p>\n<p style=\"text-align: justify\"><a href=\"https:\/\/www.elcomercio.es\/asturias\/incendios-forestales-asturias-plan-emergencia-prevision-tiempo-20230215143251-nt.html\">https:\/\/www.elcomercio.es\/asturias\/incendios-forestales-asturias-plan-emergencia-prevision-tiempo-20230215143251-nt.html<\/a><\/p>\n<p style=\"text-align: justify\"><a href=\"https:\/\/www.lne.es\/asturias\/2023\/02\/16\/ocho-incendios-asturias-obliga-activar-83039467.html\">https:\/\/www.lne.es\/asturias\/2023\/02\/16\/ocho-incendios-asturias-obliga-activar-83039467.html<\/a><\/p>\n","protected":false},"excerpt":{"rendered":"<p>Ayer mi\u00e9rcoles 15 de febrero, a petici\u00f3n de los usuarios del monte comunal Bra\u00f1as\u00edn, se realiz\u00f3 una quema controlada, bajo la direcci\u00f3n de la direcci\u00f3n de la Consejer\u00eda de Medio Rural, y ejecutada por miembros de la BRIF de Tineo y la UME. Aprovechando esta pr\u00e1ctica, el alumnado de GFOR2 y ACO2, tuvo oportunidad de [&hellip;]<\/p>\n","protected":false},"author":1689,"featured_media":0,"comment_status":"open","ping_status":"open","sticky":false,"template":"","format":"standard","meta":{"footnotes":""},"categories":[1],"tags":[],"class_list":["post-1014","post","type-post","status-publish","format-standard","hentry","category-sin-categoria"],"_links":{"self":[{"href":"https:\/\/edublog.educastur.es\/agrariaiesconcejodetineo\/wp-json\/wp\/v2\/posts\/1014","targetHints":{"allow":["GET"]}}],"collection":[{"href":"https:\/\/edublog.educastur.es\/agrariaiesconcejodetineo\/wp-json\/wp\/v2\/posts"}],"about":[{"href":"https:\/\/edublog.educastur.es\/agrariaiesconcejodetineo\/wp-json\/wp\/v2\/types\/post"}],"author":[{"embeddable":true,"href":"https:\/\/edublog.educastur.es\/agrariaiesconcejodetineo\/wp-json\/wp\/v2\/users\/1689"}],"replies":[{"embeddable":true,"href":"https:\/\/edublog.educastur.es\/agrariaiesconcejodetineo\/wp-json\/wp\/v2\/comments?post=1014"}],"version-history":[{"count":5,"href":"https:\/\/edublog.educastur.es\/agrariaiesconcejodetineo\/wp-json\/wp\/v2\/posts\/1014\/revisions"}],"predecessor-version":[{"id":1049,"href":"https:\/\/edublog.educastur.es\/agrariaiesconcejodetineo\/wp-json\/wp\/v2\/posts\/1014\/revisions\/1049"}],"wp:attachment":[{"href":"https:\/\/edublog.educastur.es\/agrariaiesconcejodetineo\/wp-json\/wp\/v2\/media?parent=1014"}],"wp:term":[{"taxonomy":"category","embeddable":true,"href":"https:\/\/edublog.educastur.es\/agrariaiesconcejodetineo\/wp-json\/wp\/v2\/categories?post=1014"},{"taxonomy":"post_tag","embeddable":true,"href":"https:\/\/edublog.educastur.es\/agrariaiesconcejodetineo\/wp-json\/wp\/v2\/tags?post=1014"}],"curies":[{"name":"wp","href":"https:\/\/api.w.org\/{rel}","templated":true}]}}