{"id":1031,"date":"2023-05-29T08:05:30","date_gmt":"2023-05-29T08:05:30","guid":{"rendered":"https:\/\/edublog.educastur.es\/agrariaiesconcejodetineo\/?p=1031"},"modified":"2023-05-29T09:39:51","modified_gmt":"2023-05-29T09:39:51","slug":"vi-jornadas-del-orgullo-rural","status":"publish","type":"post","link":"https:\/\/edublog.educastur.es\/agrariaiesconcejodetineo\/2023\/05\/29\/vi-jornadas-del-orgullo-rural\/","title":{"rendered":"VI Jornadas Orgullo Rural"},"content":{"rendered":"<p style=\"text-align: justify\">Los d\u00edas 8 y 9 de marzo se celebraron en el IES Concejo de Tineo las <strong>Jornadas del Orgullo Rural. <\/strong>El tema de esta VI edici\u00f3n es la\u00a0<em>Agroecolog\u00eda.<\/em><\/p>\n<p style=\"text-align: justify\">Las jornadas han girado en torno a\u00a0la transici\u00f3n agroecol\u00f3gica y a un sistema de producci\u00f3n alimentaria m\u00e1s\u00a0sostenible,\u00a0el coste de la energ\u00eda o las consecuencias de la pandemia. Con todo\u00a0ello se quiere impulsar una econom\u00eda rural que apueste por lo agroecol\u00f3gico\u00a0como forma de alimentaci\u00f3n saludable y abordar hasta que\u00a0punto, la demanda de energ\u00eda en un sistema agroecol\u00f3gico es m\u00e1s eficiente que en un sistema de explotaci\u00f3n convencional.<\/p>\n<p style=\"text-align: justify\">El reto estaba\u00a0encima de la mesa: conseguir un nivel de participaci\u00f3n como en ediciones anteriores y volver a contar con la desinteresada\u00a0colaboraci\u00f3n de conferenciantes, administraciones y agentes que apoyaron la idea desde el principio.<\/p>\n<p style=\"text-align: justify\"><strong>Objetivos<\/strong><\/p>\n<p style=\"text-align: justify\">Implicar a nuestro entorno en nuestras jornadas (CPR, CEDER, Ayuntamiento, Consejer\u00eda, sector productivo, etc.).<\/p>\n<p style=\"text-align: justify\">Consolidar una serie anual de jornadas t\u00e9cnicas con el rural asturiano como protagonista.<\/p>\n<p style=\"text-align: justify\">Conseguir unas jornadas de calidad para que sean referente a nivel forestal y\u00a0agroecol\u00f3gico en Asturias.<\/p>\n<p style=\"text-align: justify\">Conseguir la implicaci\u00f3n del alumnado en la organizaci\u00f3n y participaci\u00f3n.<\/p>\n<p style=\"text-align: justify\">Potenciar los ciclos formativos impartidos en el IES Concejo de Tineo como referente para los estudios profesionales forestales\u00a0y ambientales. promover el\u00a0nuevo ciclo de T\u00e9cnico en Producci\u00f3n Agroecol\u00f3gica.<img loading=\"lazy\" decoding=\"async\" class=\"alignnone size-medium wp-image-1032\" src=\"http:\/\/edublog.educastur.es\/agrariaiesconcejodetineo\/files\/2023\/05\/2023-04-proyectos-IESTineo-orgullo-rural-630-225x300.jpg\" alt=\"\" width=\"225\" height=\"300\" srcset=\"https:\/\/edublog.educastur.es\/agrariaiesconcejodetineo\/files\/2023\/05\/2023-04-proyectos-IESTineo-orgullo-rural-630-225x300.jpg 225w, https:\/\/edublog.educastur.es\/agrariaiesconcejodetineo\/files\/2023\/05\/2023-04-proyectos-IESTineo-orgullo-rural-630.jpg 629w\" sizes=\"auto, (max-width: 225px) 100vw, 225px\" \/><\/p>\n","protected":false},"excerpt":{"rendered":"<p>Los d\u00edas 8 y 9 de marzo se celebraron en el IES Concejo de Tineo las Jornadas del Orgullo Rural. El tema de esta VI edici\u00f3n es la\u00a0Agroecolog\u00eda. Las jornadas han girado en torno a\u00a0la transici\u00f3n agroecol\u00f3gica y a un sistema de producci\u00f3n alimentaria m\u00e1s\u00a0sostenible,\u00a0el coste de la energ\u00eda o las consecuencias de la pandemia. [&hellip;]<\/p>\n","protected":false},"author":1261,"featured_media":0,"comment_status":"open","ping_status":"open","sticky":false,"template":"","format":"standard","meta":{"footnotes":""},"categories":[1],"tags":[],"class_list":["post-1031","post","type-post","status-publish","format-standard","hentry","category-sin-categoria"],"_links":{"self":[{"href":"https:\/\/edublog.educastur.es\/agrariaiesconcejodetineo\/wp-json\/wp\/v2\/posts\/1031","targetHints":{"allow":["GET"]}}],"collection":[{"href":"https:\/\/edublog.educastur.es\/agrariaiesconcejodetineo\/wp-json\/wp\/v2\/posts"}],"about":[{"href":"https:\/\/edublog.educastur.es\/agrariaiesconcejodetineo\/wp-json\/wp\/v2\/types\/post"}],"author":[{"embeddable":true,"href":"https:\/\/edublog.educastur.es\/agrariaiesconcejodetineo\/wp-json\/wp\/v2\/users\/1261"}],"replies":[{"embeddable":true,"href":"https:\/\/edublog.educastur.es\/agrariaiesconcejodetineo\/wp-json\/wp\/v2\/comments?post=1031"}],"version-history":[{"count":2,"href":"https:\/\/edublog.educastur.es\/agrariaiesconcejodetineo\/wp-json\/wp\/v2\/posts\/1031\/revisions"}],"predecessor-version":[{"id":1071,"href":"https:\/\/edublog.educastur.es\/agrariaiesconcejodetineo\/wp-json\/wp\/v2\/posts\/1031\/revisions\/1071"}],"wp:attachment":[{"href":"https:\/\/edublog.educastur.es\/agrariaiesconcejodetineo\/wp-json\/wp\/v2\/media?parent=1031"}],"wp:term":[{"taxonomy":"category","embeddable":true,"href":"https:\/\/edublog.educastur.es\/agrariaiesconcejodetineo\/wp-json\/wp\/v2\/categories?post=1031"},{"taxonomy":"post_tag","embeddable":true,"href":"https:\/\/edublog.educastur.es\/agrariaiesconcejodetineo\/wp-json\/wp\/v2\/tags?post=1031"}],"curies":[{"name":"wp","href":"https:\/\/api.w.org\/{rel}","templated":true}]}}