{"id":1058,"date":"2023-05-29T09:05:50","date_gmt":"2023-05-29T09:05:50","guid":{"rendered":"https:\/\/edublog.educastur.es\/agrariaiesconcejodetineo\/?p=1058"},"modified":"2023-05-29T09:35:41","modified_gmt":"2023-05-29T09:35:41","slug":"calendario-de-matriculas-curso-2023-2024","status":"publish","type":"post","link":"https:\/\/edublog.educastur.es\/agrariaiesconcejodetineo\/2023\/05\/29\/calendario-de-matriculas-curso-2023-2024\/","title":{"rendered":"Calendario Matr\u00edcula Grado Medio y Superior 23\/24"},"content":{"rendered":"<p style=\"text-align: justify\">El <strong>alumnado repetidor de primer curso, de segundo curso, o que promociona de primero a segundo<\/strong>, tendr\u00e1 que formalizar matr\u00edcula en la Secretar\u00eda del IES, los d\u00edas <strong>27 y 28 de junio<\/strong>.<\/p>\n<p style=\"text-align: justify\">El <strong>alumnado de nueva incorporaci\u00f3n<\/strong> realizar\u00e1 la preinscripci\u00f3n entre los d\u00edas 19 de junio y 6 de julio. Y una vez que resulte admitido, la matr\u00edcula ser\u00e1 entre <strong>el 21\u00a0y el 28 de julio<\/strong>.<\/p>\n<p style=\"text-align: justify\">\n<p>&nbsp;<\/p>\n<a href=\"https:\/\/edublog.educastur.es\/agrariaiesconcejodetineo\/files\/2023\/05\/Calendario_Ciclos.pdf\" class=\"pdfemb-viewer\" style=\"\" data-width=\"max\" data-height=\"max\" data-toolbar=\"bottom\" data-toolbar-fixed=\"off\">Calendario_Ciclos<\/a>\n<p>&nbsp;<\/p>\n","protected":false},"excerpt":{"rendered":"<p>El alumnado repetidor de primer curso, de segundo curso, o que promociona de primero a segundo, tendr\u00e1 que formalizar matr\u00edcula en la Secretar\u00eda del IES, los d\u00edas 27 y 28 de junio. El alumnado de nueva incorporaci\u00f3n realizar\u00e1 la preinscripci\u00f3n entre los d\u00edas 19 de junio y 6 de julio. Y una vez que resulte [&hellip;]<\/p>\n","protected":false},"author":1261,"featured_media":0,"comment_status":"open","ping_status":"open","sticky":false,"template":"","format":"standard","meta":{"footnotes":""},"categories":[1],"tags":[],"class_list":["post-1058","post","type-post","status-publish","format-standard","hentry","category-sin-categoria"],"_links":{"self":[{"href":"https:\/\/edublog.educastur.es\/agrariaiesconcejodetineo\/wp-json\/wp\/v2\/posts\/1058","targetHints":{"allow":["GET"]}}],"collection":[{"href":"https:\/\/edublog.educastur.es\/agrariaiesconcejodetineo\/wp-json\/wp\/v2\/posts"}],"about":[{"href":"https:\/\/edublog.educastur.es\/agrariaiesconcejodetineo\/wp-json\/wp\/v2\/types\/post"}],"author":[{"embeddable":true,"href":"https:\/\/edublog.educastur.es\/agrariaiesconcejodetineo\/wp-json\/wp\/v2\/users\/1261"}],"replies":[{"embeddable":true,"href":"https:\/\/edublog.educastur.es\/agrariaiesconcejodetineo\/wp-json\/wp\/v2\/comments?post=1058"}],"version-history":[{"count":7,"href":"https:\/\/edublog.educastur.es\/agrariaiesconcejodetineo\/wp-json\/wp\/v2\/posts\/1058\/revisions"}],"predecessor-version":[{"id":1068,"href":"https:\/\/edublog.educastur.es\/agrariaiesconcejodetineo\/wp-json\/wp\/v2\/posts\/1058\/revisions\/1068"}],"wp:attachment":[{"href":"https:\/\/edublog.educastur.es\/agrariaiesconcejodetineo\/wp-json\/wp\/v2\/media?parent=1058"}],"wp:term":[{"taxonomy":"category","embeddable":true,"href":"https:\/\/edublog.educastur.es\/agrariaiesconcejodetineo\/wp-json\/wp\/v2\/categories?post=1058"},{"taxonomy":"post_tag","embeddable":true,"href":"https:\/\/edublog.educastur.es\/agrariaiesconcejodetineo\/wp-json\/wp\/v2\/tags?post=1058"}],"curies":[{"name":"wp","href":"https:\/\/api.w.org\/{rel}","templated":true}]}}