{"id":1084,"date":"2023-06-09T08:50:04","date_gmt":"2023-06-09T08:50:04","guid":{"rendered":"https:\/\/edublog.educastur.es\/agrariaiesconcejodetineo\/?p=1084"},"modified":"2023-06-12T09:28:05","modified_gmt":"2023-06-12T09:28:05","slug":"certificado-de-profesionalidad-apicultura","status":"publish","type":"post","link":"https:\/\/edublog.educastur.es\/agrariaiesconcejodetineo\/2023\/06\/09\/certificado-de-profesionalidad-apicultura\/","title":{"rendered":"Certificado de profesionalidad: APICULTURA"},"content":{"rendered":"<p style=\"text-align: justify\">Desde el <strong>11 de septiembre al 22 de diciembre<\/strong>, se impartir\u00e1 en nuestro centro un certificado de profesionalidad de nivel 2, de <strong>APICULTURA. <\/strong>La preinscripci\u00f3n comenzar\u00e1 el pr\u00f3ximo lunes 12 de junio, y se realiza a trav\u00e9s de Trabajastur, en el siguiente enlace. Va dirigido preferentemente a personas desempleadas.\u00a0 Para m\u00e1s info llama al <strong>985800659 <\/strong>o pincha en el siguiente link:<\/p>\n<p style=\"text-align: justify\"><a href=\"https:\/\/sintrafor.asturias.es\/sintrafor\/MapaRecursos.nsf\/RecursosFormacion\/04BE81C3537C1B5BC12589CC0005A0CD\">Preinscripci\u00f3n_Apicultura<\/a><\/p>\n<p style=\"text-align: justify\"><strong>\u00a0<\/strong><\/p>\n","protected":false},"excerpt":{"rendered":"<p>Desde el 11 de septiembre al 22 de diciembre, se impartir\u00e1 en nuestro centro un certificado de profesionalidad de nivel 2, de APICULTURA. La preinscripci\u00f3n comenzar\u00e1 el pr\u00f3ximo lunes 12 de junio, y se realiza a trav\u00e9s de Trabajastur, en el siguiente enlace. Va dirigido preferentemente a personas desempleadas.\u00a0 Para m\u00e1s info llama al 985800659 [&hellip;]<\/p>\n","protected":false},"author":1261,"featured_media":0,"comment_status":"open","ping_status":"open","sticky":false,"template":"","format":"standard","meta":{"footnotes":""},"categories":[1],"tags":[],"class_list":["post-1084","post","type-post","status-publish","format-standard","hentry","category-sin-categoria"],"_links":{"self":[{"href":"https:\/\/edublog.educastur.es\/agrariaiesconcejodetineo\/wp-json\/wp\/v2\/posts\/1084","targetHints":{"allow":["GET"]}}],"collection":[{"href":"https:\/\/edublog.educastur.es\/agrariaiesconcejodetineo\/wp-json\/wp\/v2\/posts"}],"about":[{"href":"https:\/\/edublog.educastur.es\/agrariaiesconcejodetineo\/wp-json\/wp\/v2\/types\/post"}],"author":[{"embeddable":true,"href":"https:\/\/edublog.educastur.es\/agrariaiesconcejodetineo\/wp-json\/wp\/v2\/users\/1261"}],"replies":[{"embeddable":true,"href":"https:\/\/edublog.educastur.es\/agrariaiesconcejodetineo\/wp-json\/wp\/v2\/comments?post=1084"}],"version-history":[{"count":5,"href":"https:\/\/edublog.educastur.es\/agrariaiesconcejodetineo\/wp-json\/wp\/v2\/posts\/1084\/revisions"}],"predecessor-version":[{"id":1100,"href":"https:\/\/edublog.educastur.es\/agrariaiesconcejodetineo\/wp-json\/wp\/v2\/posts\/1084\/revisions\/1100"}],"wp:attachment":[{"href":"https:\/\/edublog.educastur.es\/agrariaiesconcejodetineo\/wp-json\/wp\/v2\/media?parent=1084"}],"wp:term":[{"taxonomy":"category","embeddable":true,"href":"https:\/\/edublog.educastur.es\/agrariaiesconcejodetineo\/wp-json\/wp\/v2\/categories?post=1084"},{"taxonomy":"post_tag","embeddable":true,"href":"https:\/\/edublog.educastur.es\/agrariaiesconcejodetineo\/wp-json\/wp\/v2\/tags?post=1084"}],"curies":[{"name":"wp","href":"https:\/\/api.w.org\/{rel}","templated":true}]}}