{"id":1088,"date":"2023-06-09T10:04:28","date_gmt":"2023-06-09T10:04:28","guid":{"rendered":"https:\/\/edublog.educastur.es\/agrariaiesconcejodetineo\/?p=1088"},"modified":"2023-06-09T10:06:39","modified_gmt":"2023-06-09T10:06:39","slug":"ciclo-produccion-agroecologica","status":"publish","type":"post","link":"https:\/\/edublog.educastur.es\/agrariaiesconcejodetineo\/2023\/06\/09\/ciclo-produccion-agroecologica\/","title":{"rendered":"Producci\u00f3n Agroecol\u00f3gica"},"content":{"rendered":"<p style=\"text-align: justify\">Os recordamos que contamos con un nuevo Ciclo Formativo de <strong>Grado Medio de Producci\u00f3n Agroecol\u00f3gica.<\/strong><\/p>\n<p style=\"text-align: justify\">La preinscripci\u00f3n en periodo ordinario comienza el d\u00eda 19 de Junio hasta el d\u00eda 6 de Julio.<\/p>\n<p>Pincha en el siguiente link para acceder a la informaci\u00f3n del ciclo: <a href=\"https:\/\/edublog.educastur.es\/agrariaiesconcejodetineo\/produccion-agroecologica\/\">Producci\u00f3nAgroecol\u00f3gica<\/a><\/p>\n<p style=\"text-align: justify\">Para cualquier informaci\u00f3n adicional llama al <strong>985800659<\/strong>, o env\u00eda un correo a <strong>concejot@educastur.org<\/strong>.<\/p>\n<p>&nbsp;<\/p>\n","protected":false},"excerpt":{"rendered":"<p>Os recordamos que contamos con un nuevo Ciclo Formativo de Grado Medio de Producci\u00f3n Agroecol\u00f3gica. La preinscripci\u00f3n en periodo ordinario comienza el d\u00eda 19 de Junio hasta el d\u00eda 6 de Julio. Pincha en el siguiente link para acceder a la informaci\u00f3n del ciclo: Producci\u00f3nAgroecol\u00f3gica Para cualquier informaci\u00f3n adicional llama al 985800659, o env\u00eda un [&hellip;]<\/p>\n","protected":false},"author":1261,"featured_media":0,"comment_status":"open","ping_status":"open","sticky":false,"template":"","format":"standard","meta":{"footnotes":""},"categories":[1],"tags":[],"class_list":["post-1088","post","type-post","status-publish","format-standard","hentry","category-sin-categoria"],"_links":{"self":[{"href":"https:\/\/edublog.educastur.es\/agrariaiesconcejodetineo\/wp-json\/wp\/v2\/posts\/1088","targetHints":{"allow":["GET"]}}],"collection":[{"href":"https:\/\/edublog.educastur.es\/agrariaiesconcejodetineo\/wp-json\/wp\/v2\/posts"}],"about":[{"href":"https:\/\/edublog.educastur.es\/agrariaiesconcejodetineo\/wp-json\/wp\/v2\/types\/post"}],"author":[{"embeddable":true,"href":"https:\/\/edublog.educastur.es\/agrariaiesconcejodetineo\/wp-json\/wp\/v2\/users\/1261"}],"replies":[{"embeddable":true,"href":"https:\/\/edublog.educastur.es\/agrariaiesconcejodetineo\/wp-json\/wp\/v2\/comments?post=1088"}],"version-history":[{"count":4,"href":"https:\/\/edublog.educastur.es\/agrariaiesconcejodetineo\/wp-json\/wp\/v2\/posts\/1088\/revisions"}],"predecessor-version":[{"id":1092,"href":"https:\/\/edublog.educastur.es\/agrariaiesconcejodetineo\/wp-json\/wp\/v2\/posts\/1088\/revisions\/1092"}],"wp:attachment":[{"href":"https:\/\/edublog.educastur.es\/agrariaiesconcejodetineo\/wp-json\/wp\/v2\/media?parent=1088"}],"wp:term":[{"taxonomy":"category","embeddable":true,"href":"https:\/\/edublog.educastur.es\/agrariaiesconcejodetineo\/wp-json\/wp\/v2\/categories?post=1088"},{"taxonomy":"post_tag","embeddable":true,"href":"https:\/\/edublog.educastur.es\/agrariaiesconcejodetineo\/wp-json\/wp\/v2\/tags?post=1088"}],"curies":[{"name":"wp","href":"https:\/\/api.w.org\/{rel}","templated":true}]}}