{"id":1093,"date":"2023-06-09T10:08:53","date_gmt":"2023-06-09T10:08:53","guid":{"rendered":"https:\/\/edublog.educastur.es\/agrariaiesconcejodetineo\/?p=1093"},"modified":"2023-06-12T09:23:14","modified_gmt":"2023-06-12T09:23:14","slug":"fp-dual","status":"publish","type":"post","link":"https:\/\/edublog.educastur.es\/agrariaiesconcejodetineo\/2023\/06\/09\/fp-dual\/","title":{"rendered":"FP Dual"},"content":{"rendered":"<p style=\"text-align: justify\">Una alumna del Ciclo de Grado Medio de Aprovechamiento y Conservaci\u00f3n del Medio natural, participar\u00e1 en el <strong>IX Programa de FP Dual<\/strong>, realizando horas de formaci\u00f3n en el \u00e1rea de mantenimiento de jardines del Ayuntamiento de Langreo. Gracias a esta entidad por su colaboraci\u00f3n.<\/p>\n","protected":false},"excerpt":{"rendered":"<p>Una alumna del Ciclo de Grado Medio de Aprovechamiento y Conservaci\u00f3n del Medio natural, participar\u00e1 en el IX Programa de FP Dual, realizando horas de formaci\u00f3n en el \u00e1rea de mantenimiento de jardines del Ayuntamiento de Langreo. Gracias a esta entidad por su colaboraci\u00f3n.<\/p>\n","protected":false},"author":1261,"featured_media":0,"comment_status":"open","ping_status":"open","sticky":false,"template":"","format":"standard","meta":{"footnotes":""},"categories":[1],"tags":[],"class_list":["post-1093","post","type-post","status-publish","format-standard","hentry","category-sin-categoria"],"_links":{"self":[{"href":"https:\/\/edublog.educastur.es\/agrariaiesconcejodetineo\/wp-json\/wp\/v2\/posts\/1093","targetHints":{"allow":["GET"]}}],"collection":[{"href":"https:\/\/edublog.educastur.es\/agrariaiesconcejodetineo\/wp-json\/wp\/v2\/posts"}],"about":[{"href":"https:\/\/edublog.educastur.es\/agrariaiesconcejodetineo\/wp-json\/wp\/v2\/types\/post"}],"author":[{"embeddable":true,"href":"https:\/\/edublog.educastur.es\/agrariaiesconcejodetineo\/wp-json\/wp\/v2\/users\/1261"}],"replies":[{"embeddable":true,"href":"https:\/\/edublog.educastur.es\/agrariaiesconcejodetineo\/wp-json\/wp\/v2\/comments?post=1093"}],"version-history":[{"count":2,"href":"https:\/\/edublog.educastur.es\/agrariaiesconcejodetineo\/wp-json\/wp\/v2\/posts\/1093\/revisions"}],"predecessor-version":[{"id":1098,"href":"https:\/\/edublog.educastur.es\/agrariaiesconcejodetineo\/wp-json\/wp\/v2\/posts\/1093\/revisions\/1098"}],"wp:attachment":[{"href":"https:\/\/edublog.educastur.es\/agrariaiesconcejodetineo\/wp-json\/wp\/v2\/media?parent=1093"}],"wp:term":[{"taxonomy":"category","embeddable":true,"href":"https:\/\/edublog.educastur.es\/agrariaiesconcejodetineo\/wp-json\/wp\/v2\/categories?post=1093"},{"taxonomy":"post_tag","embeddable":true,"href":"https:\/\/edublog.educastur.es\/agrariaiesconcejodetineo\/wp-json\/wp\/v2\/tags?post=1093"}],"curies":[{"name":"wp","href":"https:\/\/api.w.org\/{rel}","templated":true}]}}