{"id":1189,"date":"2024-03-08T09:42:39","date_gmt":"2024-03-08T09:42:39","guid":{"rendered":"https:\/\/edublog.educastur.es\/agrariaiesconcejodetineo\/?p=1189"},"modified":"2024-03-08T10:13:24","modified_gmt":"2024-03-08T10:13:24","slug":"jornadas-del-orgullo-rural","status":"publish","type":"post","link":"https:\/\/edublog.educastur.es\/agrariaiesconcejodetineo\/2024\/03\/08\/jornadas-del-orgullo-rural\/","title":{"rendered":"JORNADAS DEL ORGULLO RURAL"},"content":{"rendered":"<h3><strong>VII JORNADAS DEL ORGULLO RURAL<\/strong><\/h3>\n<p>Despu\u00e9s de semanas intensas de trabajo, los d\u00edas 27 y 28 de febrero el departamento de agraria celebramos nuestras tradicionales jornadas. Con estas, ya son VII las ediciones en las que llevamos abordando los problemas, inquietudes, avances, etc. del sector agroforestal.<\/p>\n<p>Si bien, este a\u00f1o el eje vertebrador de las jornadas es el efecto del cambio clim\u00e1tico sobre aspectos forestales y de conservaci\u00f3n del medio natural. En esta l\u00ednea preparamos actividades sobre el efecto del cambio clim\u00e1tico sobre: plagas y enfermedades forestales, servicios ecosist\u00e9micos, conservaci\u00f3n de especies pisc\u00edcolas, enfermedades emergentes en fauna silvestre y su efecto sobre ganader\u00eda y salud humana, incendios forestales, etc.<\/p>\n<p>Para ello contamos con grandes ponentes (Celia Mart\u00ednez Alonso, Cristina Sant\u00edn, Roberto P\u00e9rez, Benjam\u00edn, Santiago D\u00edaz, Mar\u00eda Casta\u00f1o, Jose Valent\u00edn Roces, \u00c1lvaro Oleaga, Laura Lucio Gonz\u00e1lez, \u00c1lvaro Gutierrez, Pablo Osendi, y Rom\u00e1n Herrero), que nos lo hicieron todo un poco m\u00e1s f\u00e1cil, con sus intervenciones y participaci\u00f3n en mesas redondas y talleres.<\/p>\n<p>Esperamos que hayan sido de vuestro agrado, y contamos con vosotros para las<strong> VIII Jornadas del Orgullo Rural.\u00a0<\/strong><\/p>\n<p>&nbsp;<\/p>\n","protected":false},"excerpt":{"rendered":"<p>VII JORNADAS DEL ORGULLO RURAL Despu\u00e9s de semanas intensas de trabajo, los d\u00edas 27 y 28 de febrero el departamento de agraria celebramos nuestras tradicionales jornadas. Con estas, ya son VII las ediciones en las que llevamos abordando los problemas, inquietudes, avances, etc. del sector agroforestal. Si bien, este a\u00f1o el eje vertebrador de las [&hellip;]<\/p>\n","protected":false},"author":1689,"featured_media":0,"comment_status":"open","ping_status":"open","sticky":false,"template":"","format":"standard","meta":{"footnotes":""},"categories":[47,48,46,1],"tags":[],"class_list":["post-1189","post","type-post","status-publish","format-standard","hentry","category-agraria","category-forestal","category-noticias","category-sin-categoria"],"_links":{"self":[{"href":"https:\/\/edublog.educastur.es\/agrariaiesconcejodetineo\/wp-json\/wp\/v2\/posts\/1189","targetHints":{"allow":["GET"]}}],"collection":[{"href":"https:\/\/edublog.educastur.es\/agrariaiesconcejodetineo\/wp-json\/wp\/v2\/posts"}],"about":[{"href":"https:\/\/edublog.educastur.es\/agrariaiesconcejodetineo\/wp-json\/wp\/v2\/types\/post"}],"author":[{"embeddable":true,"href":"https:\/\/edublog.educastur.es\/agrariaiesconcejodetineo\/wp-json\/wp\/v2\/users\/1689"}],"replies":[{"embeddable":true,"href":"https:\/\/edublog.educastur.es\/agrariaiesconcejodetineo\/wp-json\/wp\/v2\/comments?post=1189"}],"version-history":[{"count":1,"href":"https:\/\/edublog.educastur.es\/agrariaiesconcejodetineo\/wp-json\/wp\/v2\/posts\/1189\/revisions"}],"predecessor-version":[{"id":1190,"href":"https:\/\/edublog.educastur.es\/agrariaiesconcejodetineo\/wp-json\/wp\/v2\/posts\/1189\/revisions\/1190"}],"wp:attachment":[{"href":"https:\/\/edublog.educastur.es\/agrariaiesconcejodetineo\/wp-json\/wp\/v2\/media?parent=1189"}],"wp:term":[{"taxonomy":"category","embeddable":true,"href":"https:\/\/edublog.educastur.es\/agrariaiesconcejodetineo\/wp-json\/wp\/v2\/categories?post=1189"},{"taxonomy":"post_tag","embeddable":true,"href":"https:\/\/edublog.educastur.es\/agrariaiesconcejodetineo\/wp-json\/wp\/v2\/tags?post=1189"}],"curies":[{"name":"wp","href":"https:\/\/api.w.org\/{rel}","templated":true}]}}