{"id":1235,"date":"2024-10-17T07:45:58","date_gmt":"2024-10-17T07:45:58","guid":{"rendered":"https:\/\/edublog.educastur.es\/agrariaiesconcejodetineo\/?p=1235"},"modified":"2024-10-17T07:45:58","modified_gmt":"2024-10-17T07:45:58","slug":"ii-concurso-calabazas-fiesta-de-samain-dpto-de-agraria","status":"publish","type":"post","link":"https:\/\/edublog.educastur.es\/agrariaiesconcejodetineo\/2024\/10\/17\/ii-concurso-calabazas-fiesta-de-samain-dpto-de-agraria\/","title":{"rendered":"II Concurso calabazas. Fiesta de Sama\u00edn. Dpto de Agraria."},"content":{"rendered":"<p>El\u00a0 II Concurso de Calabazas organizado por el Departamento de Agraria, se encuentra enmarcado dentro de la celebraci\u00f3n de la tradicional fiesta de Sama\u00edn. Esta festividad, de origen celta, marca el final de la cosecha y el inicio del invierno, y ha sido fuente de inspiraci\u00f3n para diversas culturas, incluyendo Halloween.<\/p>\n<p>Las fechas para presentar vuestras gigantes y originales calabazas decoradas ser\u00e1n del 21 al 28 de octubre. \u00a1No pierdas la oportunidad de mostrar tu creatividad! Los ganadores ser\u00e1n anunciados el d\u00eda 29 de octubre, y los premios ser\u00e1n un reflejo de vuestro ingenio y dedicaci\u00f3n.<\/p>\n<p>Si tienes alguna duda sobre el concurso, no dudes en contactar con nosotros. \u00a1Esperamos con ansias ver vuestras incre\u00edbles calabazas! ?<\/p>\n<h3><strong>Fechas importantes<\/strong>:<\/h3>\n<ul>\n<li><strong>Plazo de presentaci\u00f3n<\/strong>: del 21 al 28 de octubre.<\/li>\n<li><strong>Anuncio de los premiados<\/strong>: 29 de octubre.<\/li>\n<\/ul>\n<p>\u00a1No te lo pierdas y forma parte de esta tradici\u00f3n llena de creatividad y diversi\u00f3n!<\/p>\n<p><a href=\"https:\/\/www.instagram.com\/p\/DBGSDQFo8Xn\/?utm_source=ig_web_copy_link&amp;igsh=MzRlODBiNWFlZA==\">https:\/\/www.instagram.com\/p\/DBGSDQFo8Xn\/?utm_source=ig_web_copy_link&amp;igsh=MzRlODBiNWFlZA==<\/a><\/p>\n","protected":false},"excerpt":{"rendered":"<p>El\u00a0 II Concurso de Calabazas organizado por el Departamento de Agraria, se encuentra enmarcado dentro de la celebraci\u00f3n de la tradicional fiesta de Sama\u00edn. Esta festividad, de origen celta, marca el final de la cosecha y el inicio del invierno, y ha sido fuente de inspiraci\u00f3n para diversas culturas, incluyendo Halloween. Las fechas para presentar [&hellip;]<\/p>\n","protected":false},"author":1689,"featured_media":0,"comment_status":"open","ping_status":"open","sticky":false,"template":"","format":"standard","meta":{"footnotes":""},"categories":[1],"tags":[],"class_list":["post-1235","post","type-post","status-publish","format-standard","hentry","category-sin-categoria"],"_links":{"self":[{"href":"https:\/\/edublog.educastur.es\/agrariaiesconcejodetineo\/wp-json\/wp\/v2\/posts\/1235","targetHints":{"allow":["GET"]}}],"collection":[{"href":"https:\/\/edublog.educastur.es\/agrariaiesconcejodetineo\/wp-json\/wp\/v2\/posts"}],"about":[{"href":"https:\/\/edublog.educastur.es\/agrariaiesconcejodetineo\/wp-json\/wp\/v2\/types\/post"}],"author":[{"embeddable":true,"href":"https:\/\/edublog.educastur.es\/agrariaiesconcejodetineo\/wp-json\/wp\/v2\/users\/1689"}],"replies":[{"embeddable":true,"href":"https:\/\/edublog.educastur.es\/agrariaiesconcejodetineo\/wp-json\/wp\/v2\/comments?post=1235"}],"version-history":[{"count":2,"href":"https:\/\/edublog.educastur.es\/agrariaiesconcejodetineo\/wp-json\/wp\/v2\/posts\/1235\/revisions"}],"predecessor-version":[{"id":1237,"href":"https:\/\/edublog.educastur.es\/agrariaiesconcejodetineo\/wp-json\/wp\/v2\/posts\/1235\/revisions\/1237"}],"wp:attachment":[{"href":"https:\/\/edublog.educastur.es\/agrariaiesconcejodetineo\/wp-json\/wp\/v2\/media?parent=1235"}],"wp:term":[{"taxonomy":"category","embeddable":true,"href":"https:\/\/edublog.educastur.es\/agrariaiesconcejodetineo\/wp-json\/wp\/v2\/categories?post=1235"},{"taxonomy":"post_tag","embeddable":true,"href":"https:\/\/edublog.educastur.es\/agrariaiesconcejodetineo\/wp-json\/wp\/v2\/tags?post=1235"}],"curies":[{"name":"wp","href":"https:\/\/api.w.org\/{rel}","templated":true}]}}