{"id":1252,"date":"2025-01-22T08:33:18","date_gmt":"2025-01-22T08:33:18","guid":{"rendered":"https:\/\/edublog.educastur.es\/agrariaiesconcejodetineo\/?p=1252"},"modified":"2025-01-22T08:35:04","modified_gmt":"2025-01-22T08:35:04","slug":"participa-en-el-ii-concurso-de-fotografia-ambiental","status":"publish","type":"post","link":"https:\/\/edublog.educastur.es\/agrariaiesconcejodetineo\/2025\/01\/22\/participa-en-el-ii-concurso-de-fotografia-ambiental\/","title":{"rendered":"\u00a1Participa en el II Concurso de Fotograf\u00eda Ambiental!"},"content":{"rendered":"<p>El Departamento de Agraria del IES Concejo de Tineo, organiza el II Concurso de Fotograf\u00eda Ambiental en el marco de las VIII Jornadas del Orgullo Rural. Esta es tu oportunidad para mostrar tu talento fotogr\u00e1fico y capturar la esencia de nuestra flora y fauna \u00fanicas. ??. Aprovechad que esta\u00eds en un entorno \u00fanico y capturad todas aquellas im\u00e1genes dignas del concurso.<\/p>\n<p>? <strong>Deja que la naturaleza te inspire<\/strong>: desde paisajes rurales hasta peque\u00f1os detalles escondidos en nuestro entorno, tienes al alcance de la mano la belleza que merece ser compartida.<\/p>\n<p>? <strong>Plazo de presentaci\u00f3n:<\/strong> Hasta el 17 de febrero.<br \/>\n? <strong>Consulta aqu\u00ed las bases del concurso un poco mas abajo\u2b07\ufe0f<\/strong><\/p>\n<p>\u00a1An\u00edmate y participa! Muestra al mundo tu perspectiva \u00fanica del medioambiente y celebra con nosotros el Orgullo Rural.<\/p>\n<p>&nbsp;<\/p>\n<p>&nbsp;<\/p>\n<p style=\"text-align: center\"><strong>II CONCURSO DE FOTOGRAF\u00cdA AMBIENTAL DEPARTAMENTO DE AGRARIA (ESCUELA DE SELVICULTURA) &#8211; IES CONCEJO DE TINEO<\/strong><\/p>\n<p>La <strong>Escuela de Selvicultura del IES Concejo de Tineo<\/strong>, en el marco de las <strong>VIII Jornadas del Orgullo Rural<\/strong>, organiza el <strong>II Concurso de Fotograf\u00eda Ambiental<\/strong>.<\/p>\n<p>Desde nuestra escuela queremos fomentar la sensibilidad hacia temas ambientales y difundir la necesidad de acciones individuales y colectivas que contribuyan a reducir nuestro impacto sobre el planeta. Se valorar\u00e1n especialmente las fotograf\u00edas que reflejen aspectos entorno a la problem\u00e1tica del cambio clim\u00e1tico y\/o que muestren acciones y modos de vida respetuosos.<\/p>\n<ul>\n<li>El hecho de participar en este concurso autoriza a utilizar, difundir, exhibir, publicar e imprimir cualquiera de las fotograf\u00edas premiadas y\/o mencionadas en este concurso, con fines docentes y formativos, no comerciales.<\/li>\n<li>La participaci\u00f3n en este concurso implica la total aceptaci\u00f3n de las Bases Reguladoras del mismo.<\/li>\n<\/ul>\n<p><strong>Condiciones de env\u00edo de fotograf\u00edas:<\/strong><\/p>\n<ul>\n<li>La imagen ser\u00e1 enviada v\u00eda correo electr\u00f3nico a: <strong>fotoiestineo@gmail.com<\/strong><\/li>\n<li>Asunto: FOTOTINEO2025.<\/li>\n<li>En el cuerpo del mensaje: nombre y apellidos, DNI, tel\u00e9fono de contacto y correo electr\u00f3nico.<\/li>\n<li>T\u00edtulo de la obra y texto explicativo.<\/li>\n<li>Lugar y fecha de la realizaci\u00f3n de la fotograf\u00eda.<\/li>\n<li>Formato: se aceptar\u00e1n archivos .jpg o .png<\/li>\n<li>Tama\u00f1o m\u00ednimo de 1500&#215;2300 p\u00edxeles.<\/li>\n<li>No existe restricciones en la relaci\u00f3n de aspecto. Se aceptar\u00e1n desde formato cuadrado hasta formato panor\u00e1mico.<\/li>\n<\/ul>\n<p><strong>Plazo de presentaci\u00f3n<\/strong>: hasta 17 de Febrero de 2025.<\/p>\n<p><strong>Bases del concurso:<\/strong><\/p>\n<ul>\n<li>Las im\u00e1genes deber\u00e1n ser originales e in\u00e9ditas.<\/li>\n<li>La organizaci\u00f3n no se responsabiliza de posibles reclamaciones de derechos de autor por parte de terceros.<\/li>\n<li>El n\u00famero m\u00e1ximo de fotograf\u00edas que puede presentar cada participante es de cinco (5).<\/li>\n<li>Las im\u00e1genes deben disponer de un t\u00edtulo aportado por el autor\/a y un texto explicativo que ilustre la imagen. No se aceptar\u00e1n fotograf\u00edas sin texto.<\/li>\n<li>En el procesado de las fotograf\u00edas se admitir\u00e1n los ajustes propios del revelado digital como balance de blancos, exposici\u00f3n, niveles, contraste, saturaci\u00f3n o enfoque, eliminaci\u00f3n del vi\u00f1eteado, as\u00ed como la limpieza de part\u00edculas, y recortes.<\/li>\n<li>No se admitir\u00e1n alteraciones ni manipulaciones de la imagen o parte\/s de la imagen, que impliquen que la fotograf\u00eda pase a reflejar una realidad distinta a la fotografiada.<\/li>\n<li>No ser\u00e1n aceptadas aquellas im\u00e1genes que muestren de forma directa e intencional determinados elementos que puedan interpretarse como publicidad.<\/li>\n<\/ul>\n<p><strong>Jurado: <\/strong>Equipo docente Dto. Agraria del IES Concejo de Tineo.<\/p>\n<p><strong>Premios: <\/strong>Lotes de productos de empresas locales.<\/p>\n<p>Las obras ganadoras se dar\u00e1n a conocer el d\u00eda 19 de febrero de 2025 y se informar\u00e1 a los galardonados mediante un mail.<\/p>\n<p>La entrega ser\u00e1 el 20 de Febrero en el cierre de las Jornadas del Orgullo Rural en la Escuela de Selvicultura de Tineo, Carretera San Roque s\/n &#8211; 33870 Tineo, en caso de no poder asistir se recoger\u00e1n a partir de ese d\u00eda en la Escuela.<\/p>\n<p><strong>\u00a1Suerte a tod@s l@s participantes!<\/strong><\/p>\n<p>&nbsp;<\/p>\n","protected":false},"excerpt":{"rendered":"<p>El Departamento de Agraria del IES Concejo de Tineo, organiza el II Concurso de Fotograf\u00eda Ambiental en el marco de las VIII Jornadas del Orgullo Rural. Esta es tu oportunidad para mostrar tu talento fotogr\u00e1fico y capturar la esencia de nuestra flora y fauna \u00fanicas. ??. Aprovechad que esta\u00eds en un entorno \u00fanico y capturad [&hellip;]<\/p>\n","protected":false},"author":1689,"featured_media":0,"comment_status":"open","ping_status":"open","sticky":false,"template":"","format":"standard","meta":{"footnotes":""},"categories":[47,48,46],"tags":[],"class_list":["post-1252","post","type-post","status-publish","format-standard","hentry","category-agraria","category-forestal","category-noticias"],"_links":{"self":[{"href":"https:\/\/edublog.educastur.es\/agrariaiesconcejodetineo\/wp-json\/wp\/v2\/posts\/1252","targetHints":{"allow":["GET"]}}],"collection":[{"href":"https:\/\/edublog.educastur.es\/agrariaiesconcejodetineo\/wp-json\/wp\/v2\/posts"}],"about":[{"href":"https:\/\/edublog.educastur.es\/agrariaiesconcejodetineo\/wp-json\/wp\/v2\/types\/post"}],"author":[{"embeddable":true,"href":"https:\/\/edublog.educastur.es\/agrariaiesconcejodetineo\/wp-json\/wp\/v2\/users\/1689"}],"replies":[{"embeddable":true,"href":"https:\/\/edublog.educastur.es\/agrariaiesconcejodetineo\/wp-json\/wp\/v2\/comments?post=1252"}],"version-history":[{"count":2,"href":"https:\/\/edublog.educastur.es\/agrariaiesconcejodetineo\/wp-json\/wp\/v2\/posts\/1252\/revisions"}],"predecessor-version":[{"id":1254,"href":"https:\/\/edublog.educastur.es\/agrariaiesconcejodetineo\/wp-json\/wp\/v2\/posts\/1252\/revisions\/1254"}],"wp:attachment":[{"href":"https:\/\/edublog.educastur.es\/agrariaiesconcejodetineo\/wp-json\/wp\/v2\/media?parent=1252"}],"wp:term":[{"taxonomy":"category","embeddable":true,"href":"https:\/\/edublog.educastur.es\/agrariaiesconcejodetineo\/wp-json\/wp\/v2\/categories?post=1252"},{"taxonomy":"post_tag","embeddable":true,"href":"https:\/\/edublog.educastur.es\/agrariaiesconcejodetineo\/wp-json\/wp\/v2\/tags?post=1252"}],"curies":[{"name":"wp","href":"https:\/\/api.w.org\/{rel}","templated":true}]}}