{"id":1260,"date":"2025-02-07T08:24:25","date_gmt":"2025-02-07T08:24:25","guid":{"rendered":"https:\/\/edublog.educastur.es\/agrariaiesconcejodetineo\/?p=1260"},"modified":"2025-02-07T08:24:25","modified_gmt":"2025-02-07T08:24:25","slug":"vii-jornadas-del-orgullo-rural","status":"publish","type":"post","link":"https:\/\/edublog.educastur.es\/agrariaiesconcejodetineo\/2025\/02\/07\/vii-jornadas-del-orgullo-rural\/","title":{"rendered":"VII JORNADAS DEL ORGULLO RURAL"},"content":{"rendered":"<p>Un a\u00f1o m\u00e1s, en el <strong>IES Concejo de Tineo<\/strong> celebramos las <strong>VIII Jornadas del Orgullo Rural: \ud83d\udd39 Tecnolog\u00eda al servicio del medio rural, \u00bfEst\u00e1s preparad@ para el cambio?<\/strong>, donde exploraremos c\u00f3mo la tecnolog\u00eda est\u00e1 transformando el mundo agrario y forestal.<\/p>\n<p><strong>Fecha<\/strong>: 19 y 20 de febrero<br \/>\n<strong>Lugar<\/strong>: Edificio del departamento de Agraria (antigua Escuela de Selvicultura)<\/p>\n<p>En estas jornadas hablaremos de <strong>innovaci\u00f3n, digitalizaci\u00f3n y nuevas herramientas tecnol\u00f3gicas<\/strong> aplicadas al medio rural. La modernizaci\u00f3n del campo es una realidad, y queremos que formes parte de ella.<\/p>\n<p>\ud83d\udd38 <strong>Ponencias y demostraciones pr\u00e1cticas<\/strong><br \/>\n\ud83d\udd38 <strong>Casos reales de \u00e9xito en el sector agrario y forestal<\/strong><br \/>\n\ud83d\udd38 <strong>Retos y oportunidades para el futuro<\/strong><\/p>\n<p>\ud83d\udc49 Ven y descubre c\u00f3mo la tecnolog\u00eda puede mejorar el trabajo en el medio rural.<br \/>\n\ud83d\udc65 \u00a1Te esperamos! \u00a1No te lo pierdas!<\/p>\n<p>&nbsp;<\/p>\n","protected":false},"excerpt":{"rendered":"<p>Un a\u00f1o m\u00e1s, en el IES Concejo de Tineo celebramos las VIII Jornadas del Orgullo Rural: \ud83d\udd39 Tecnolog\u00eda al servicio del medio rural, \u00bfEst\u00e1s preparad@ para el cambio?, donde exploraremos c\u00f3mo la tecnolog\u00eda est\u00e1 transformando el mundo agrario y forestal. Fecha: 19 y 20 de febrero Lugar: Edificio del departamento de Agraria (antigua Escuela de [&hellip;]<\/p>\n","protected":false},"author":1689,"featured_media":0,"comment_status":"open","ping_status":"open","sticky":false,"template":"","format":"standard","meta":{"footnotes":""},"categories":[47,44,48,46],"tags":[],"class_list":["post-1260","post","type-post","status-publish","format-standard","hentry","category-agraria","category-conocenos","category-forestal","category-noticias"],"_links":{"self":[{"href":"https:\/\/edublog.educastur.es\/agrariaiesconcejodetineo\/wp-json\/wp\/v2\/posts\/1260","targetHints":{"allow":["GET"]}}],"collection":[{"href":"https:\/\/edublog.educastur.es\/agrariaiesconcejodetineo\/wp-json\/wp\/v2\/posts"}],"about":[{"href":"https:\/\/edublog.educastur.es\/agrariaiesconcejodetineo\/wp-json\/wp\/v2\/types\/post"}],"author":[{"embeddable":true,"href":"https:\/\/edublog.educastur.es\/agrariaiesconcejodetineo\/wp-json\/wp\/v2\/users\/1689"}],"replies":[{"embeddable":true,"href":"https:\/\/edublog.educastur.es\/agrariaiesconcejodetineo\/wp-json\/wp\/v2\/comments?post=1260"}],"version-history":[{"count":2,"href":"https:\/\/edublog.educastur.es\/agrariaiesconcejodetineo\/wp-json\/wp\/v2\/posts\/1260\/revisions"}],"predecessor-version":[{"id":1262,"href":"https:\/\/edublog.educastur.es\/agrariaiesconcejodetineo\/wp-json\/wp\/v2\/posts\/1260\/revisions\/1262"}],"wp:attachment":[{"href":"https:\/\/edublog.educastur.es\/agrariaiesconcejodetineo\/wp-json\/wp\/v2\/media?parent=1260"}],"wp:term":[{"taxonomy":"category","embeddable":true,"href":"https:\/\/edublog.educastur.es\/agrariaiesconcejodetineo\/wp-json\/wp\/v2\/categories?post=1260"},{"taxonomy":"post_tag","embeddable":true,"href":"https:\/\/edublog.educastur.es\/agrariaiesconcejodetineo\/wp-json\/wp\/v2\/tags?post=1260"}],"curies":[{"name":"wp","href":"https:\/\/api.w.org\/{rel}","templated":true}]}}