{"id":1263,"date":"2025-04-01T06:59:42","date_gmt":"2025-04-01T06:59:42","guid":{"rendered":"https:\/\/edublog.educastur.es\/agrariaiesconcejodetineo\/?p=1263"},"modified":"2025-04-01T07:00:58","modified_gmt":"2025-04-01T07:00:58","slug":"formacion-en-empresas","status":"publish","type":"post","link":"https:\/\/edublog.educastur.es\/agrariaiesconcejodetineo\/2025\/04\/01\/formacion-en-empresas\/","title":{"rendered":"Formaci\u00f3n en empresas"},"content":{"rendered":"<h3 class=\"\" data-start=\"0\" data-end=\"52\">\u00a1Nuestro alumando de 1\u00ba curso, ya est\u00e1 en empresas!<\/h3>\n<p class=\"\" data-start=\"54\" data-end=\"474\">Los\/as estudiantes de primer curso de todos los ciclos formativos impartidos en el IES Concejo de Tineo han comenzado su <strong data-start=\"172\" data-end=\"196\">formaci\u00f3n en empresa<\/strong>, enmarcada en la nueva <strong data-start=\"220\" data-end=\"252\">Ley de Formaci\u00f3n Profesional<\/strong>. Este cambio sustituye la tradicional Formaci\u00f3n en Centros de Trabajo (FCT) por un modelo <strong data-start=\"343\" data-end=\"351\">dual<\/strong>, en el que el alumnado combina su aprendizaje en el aula con la formaci\u00f3n en un entorno profesional desde el primer a\u00f1o.<\/p>\n<p class=\"\" data-start=\"476\" data-end=\"615\">Esperamos que esta nueva etapa sea enriquecedora y les permita sacar el m\u00e1ximo provecho. \u00a1Mucho \u00e1nimo a todos y todas!<\/p>\n","protected":false},"excerpt":{"rendered":"<p>\u00a1Nuestro alumando de 1\u00ba curso, ya est\u00e1 en empresas! Los\/as estudiantes de primer curso de todos los ciclos formativos impartidos en el IES Concejo de Tineo han comenzado su formaci\u00f3n en empresa, enmarcada en la nueva Ley de Formaci\u00f3n Profesional. Este cambio sustituye la tradicional Formaci\u00f3n en Centros de Trabajo (FCT) por un modelo dual, [&hellip;]<\/p>\n","protected":false},"author":1689,"featured_media":0,"comment_status":"open","ping_status":"open","sticky":false,"template":"","format":"standard","meta":{"footnotes":""},"categories":[47,48,46,1],"tags":[],"class_list":["post-1263","post","type-post","status-publish","format-standard","hentry","category-agraria","category-forestal","category-noticias","category-sin-categoria"],"_links":{"self":[{"href":"https:\/\/edublog.educastur.es\/agrariaiesconcejodetineo\/wp-json\/wp\/v2\/posts\/1263","targetHints":{"allow":["GET"]}}],"collection":[{"href":"https:\/\/edublog.educastur.es\/agrariaiesconcejodetineo\/wp-json\/wp\/v2\/posts"}],"about":[{"href":"https:\/\/edublog.educastur.es\/agrariaiesconcejodetineo\/wp-json\/wp\/v2\/types\/post"}],"author":[{"embeddable":true,"href":"https:\/\/edublog.educastur.es\/agrariaiesconcejodetineo\/wp-json\/wp\/v2\/users\/1689"}],"replies":[{"embeddable":true,"href":"https:\/\/edublog.educastur.es\/agrariaiesconcejodetineo\/wp-json\/wp\/v2\/comments?post=1263"}],"version-history":[{"count":1,"href":"https:\/\/edublog.educastur.es\/agrariaiesconcejodetineo\/wp-json\/wp\/v2\/posts\/1263\/revisions"}],"predecessor-version":[{"id":1264,"href":"https:\/\/edublog.educastur.es\/agrariaiesconcejodetineo\/wp-json\/wp\/v2\/posts\/1263\/revisions\/1264"}],"wp:attachment":[{"href":"https:\/\/edublog.educastur.es\/agrariaiesconcejodetineo\/wp-json\/wp\/v2\/media?parent=1263"}],"wp:term":[{"taxonomy":"category","embeddable":true,"href":"https:\/\/edublog.educastur.es\/agrariaiesconcejodetineo\/wp-json\/wp\/v2\/categories?post=1263"},{"taxonomy":"post_tag","embeddable":true,"href":"https:\/\/edublog.educastur.es\/agrariaiesconcejodetineo\/wp-json\/wp\/v2\/tags?post=1263"}],"curies":[{"name":"wp","href":"https:\/\/api.w.org\/{rel}","templated":true}]}}