{"id":1271,"date":"2025-06-17T16:15:08","date_gmt":"2025-06-17T16:15:08","guid":{"rendered":"https:\/\/edublog.educastur.es\/agrariaiesconcejodetineo\/?p=1271"},"modified":"2025-06-17T16:39:58","modified_gmt":"2025-06-17T16:39:58","slug":"ceremonia-de-graduacion-2025-ies-concejo-de-tineo","status":"publish","type":"post","link":"https:\/\/edublog.educastur.es\/agrariaiesconcejodetineo\/2025\/06\/17\/ceremonia-de-graduacion-2025-ies-concejo-de-tineo\/","title":{"rendered":"Ceremonia de Graduaci\u00f3n 2025 \u2013 IES Concejo de Tineo"},"content":{"rendered":"<p data-start=\"1046\" data-end=\"1399\">El pasado viernes 13 de junio celebramos, en el polideportivo municipal de San Roque, la <strong data-start=\"1135\" data-end=\"1162\">ceremonia de graduaci\u00f3n<\/strong> de nuestro alumnado de 2.\u00ba de Bachillerato y de los ciclos formativos de grado medio y superior del centro: <strong data-start=\"1271\" data-end=\"1300\">Administraci\u00f3n y Finanzas<\/strong>, <strong data-start=\"1302\" data-end=\"1342\">Gesti\u00f3n Forestal y del Medio Natural<\/strong>, y <strong data-start=\"1346\" data-end=\"1398\">Aprovechamiento y Conservaci\u00f3n del Medio Natural<\/strong>.<\/p>\n<p data-start=\"1401\" data-end=\"1774\">Fue una jornada muy especial y emotiva, llena de orgullo, agradecimientos y buenos deseos. Desde el <strong data-start=\"1501\" data-end=\"1525\">IES Concejo de Tineo<\/strong> queremos felicitar a todos y todas las graduadas, dese\u00e1ndoos <strong data-start=\"1587\" data-end=\"1656\">mucho \u00e9xito en la nueva etapa personal y profesional que inici\u00e1is<\/strong>. Esperamos que os llev\u00e9is de esta casa un recuerdo entra\u00f1able y que sig\u00e1is creciendo con la misma ilusi\u00f3n y esfuerzo.<\/p>\n<p data-start=\"1776\" data-end=\"1939\">Agradecemos de coraz\u00f3n a todas las personas que hicieron posible este acto, y en especial a <strong data-start=\"1868\" data-end=\"1887\">Arcadio y Paula<\/strong>, por su implicaci\u00f3n y colaboraci\u00f3n en cada detalle.<\/p>\n<p data-start=\"1941\" data-end=\"1979\">\u00a1Enhorabuena a toda la promoci\u00f3n que ha terminado sus estudios en 2025!<\/p>\n","protected":false},"excerpt":{"rendered":"<p>El pasado viernes 13 de junio celebramos, en el polideportivo municipal de San Roque, la ceremonia de graduaci\u00f3n de nuestro alumnado de 2.\u00ba de Bachillerato y de los ciclos formativos de grado medio y superior del centro: Administraci\u00f3n y Finanzas, Gesti\u00f3n Forestal y del Medio Natural, y Aprovechamiento y Conservaci\u00f3n del Medio Natural. Fue una [&hellip;]<\/p>\n","protected":false},"author":1689,"featured_media":0,"comment_status":"open","ping_status":"open","sticky":false,"template":"","format":"standard","meta":{"footnotes":""},"categories":[47,48,46,1],"tags":[],"class_list":["post-1271","post","type-post","status-publish","format-standard","hentry","category-agraria","category-forestal","category-noticias","category-sin-categoria"],"_links":{"self":[{"href":"https:\/\/edublog.educastur.es\/agrariaiesconcejodetineo\/wp-json\/wp\/v2\/posts\/1271","targetHints":{"allow":["GET"]}}],"collection":[{"href":"https:\/\/edublog.educastur.es\/agrariaiesconcejodetineo\/wp-json\/wp\/v2\/posts"}],"about":[{"href":"https:\/\/edublog.educastur.es\/agrariaiesconcejodetineo\/wp-json\/wp\/v2\/types\/post"}],"author":[{"embeddable":true,"href":"https:\/\/edublog.educastur.es\/agrariaiesconcejodetineo\/wp-json\/wp\/v2\/users\/1689"}],"replies":[{"embeddable":true,"href":"https:\/\/edublog.educastur.es\/agrariaiesconcejodetineo\/wp-json\/wp\/v2\/comments?post=1271"}],"version-history":[{"count":1,"href":"https:\/\/edublog.educastur.es\/agrariaiesconcejodetineo\/wp-json\/wp\/v2\/posts\/1271\/revisions"}],"predecessor-version":[{"id":1272,"href":"https:\/\/edublog.educastur.es\/agrariaiesconcejodetineo\/wp-json\/wp\/v2\/posts\/1271\/revisions\/1272"}],"wp:attachment":[{"href":"https:\/\/edublog.educastur.es\/agrariaiesconcejodetineo\/wp-json\/wp\/v2\/media?parent=1271"}],"wp:term":[{"taxonomy":"category","embeddable":true,"href":"https:\/\/edublog.educastur.es\/agrariaiesconcejodetineo\/wp-json\/wp\/v2\/categories?post=1271"},{"taxonomy":"post_tag","embeddable":true,"href":"https:\/\/edublog.educastur.es\/agrariaiesconcejodetineo\/wp-json\/wp\/v2\/tags?post=1271"}],"curies":[{"name":"wp","href":"https:\/\/api.w.org\/{rel}","templated":true}]}}