{"id":1277,"date":"2025-10-01T11:35:17","date_gmt":"2025-10-01T11:35:17","guid":{"rendered":"https:\/\/edublog.educastur.es\/agrariaiesconcejodetineo\/?p=1277"},"modified":"2025-10-01T11:35:28","modified_gmt":"2025-10-01T11:35:28","slug":"formacion-tecnica-sobre-el-aprovechamiento-resinero-programa-cares","status":"publish","type":"post","link":"https:\/\/edublog.educastur.es\/agrariaiesconcejodetineo\/2025\/10\/01\/formacion-tecnica-sobre-el-aprovechamiento-resinero-programa-cares\/","title":{"rendered":"Formaci\u00f3n t\u00e9cnica sobre el aprovechamiento resinero \u2013 Programa CARES"},"content":{"rendered":"<p>Los d\u00edas <strong>23 y 25 de septiembre<\/strong>, el alumnado del ciclo de <strong>Gesti\u00f3n Forestal y del Medio Natural<\/strong> particip\u00f3 en una enriquecedora formaci\u00f3n t\u00e9cnica sobre el <strong>aprovechamiento resinero<\/strong>, enmarcada en el programa <strong>CARES<\/strong>.<\/p>\n<p>Durante estas jornadas, hemos aprendido sobre la importancia de la resina como recurso natural y hemos practicado diferentes m\u00e9todos de extracci\u00f3n: <strong>manuales<\/strong> (pica de corteza y de ray\u00f3n) y <strong>mecanizados<\/strong> (pica redonda). La experiencia ha sido muy valiosa tanto a nivel t\u00e9cnico como humano.<\/p>\n<p>Queremos agradecer a <strong>Lola (@jumasturias)<\/strong>, <strong>Alejandro y Dani (@sc.pinaster)<\/strong> y <strong>Collar (Tsamaraxil)<\/strong> por compartir su conocimiento y pasi\u00f3n. Tambi\u00e9n a los colaboradores del proyecto: <strong>@cetemas, @proepla, @fcesefor, @pefcspain y @fundacionbiodiversidad<\/strong>, por hacerlo posible.<\/p>\n<p>\u00a1Seguimos aprendiendo y creciendo juntos!<\/p>\n","protected":false},"excerpt":{"rendered":"<p>Los d\u00edas 23 y 25 de septiembre, el alumnado del ciclo de Gesti\u00f3n Forestal y del Medio Natural particip\u00f3 en una enriquecedora formaci\u00f3n t\u00e9cnica sobre el aprovechamiento resinero, enmarcada en el programa CARES. Durante estas jornadas, hemos aprendido sobre la importancia de la resina como recurso natural y hemos practicado diferentes m\u00e9todos de extracci\u00f3n: manuales [&hellip;]<\/p>\n","protected":false},"author":1689,"featured_media":0,"comment_status":"open","ping_status":"open","sticky":false,"template":"","format":"standard","meta":{"footnotes":""},"categories":[47,48,46,1],"tags":[],"class_list":["post-1277","post","type-post","status-publish","format-standard","hentry","category-agraria","category-forestal","category-noticias","category-sin-categoria"],"_links":{"self":[{"href":"https:\/\/edublog.educastur.es\/agrariaiesconcejodetineo\/wp-json\/wp\/v2\/posts\/1277","targetHints":{"allow":["GET"]}}],"collection":[{"href":"https:\/\/edublog.educastur.es\/agrariaiesconcejodetineo\/wp-json\/wp\/v2\/posts"}],"about":[{"href":"https:\/\/edublog.educastur.es\/agrariaiesconcejodetineo\/wp-json\/wp\/v2\/types\/post"}],"author":[{"embeddable":true,"href":"https:\/\/edublog.educastur.es\/agrariaiesconcejodetineo\/wp-json\/wp\/v2\/users\/1689"}],"replies":[{"embeddable":true,"href":"https:\/\/edublog.educastur.es\/agrariaiesconcejodetineo\/wp-json\/wp\/v2\/comments?post=1277"}],"version-history":[{"count":2,"href":"https:\/\/edublog.educastur.es\/agrariaiesconcejodetineo\/wp-json\/wp\/v2\/posts\/1277\/revisions"}],"predecessor-version":[{"id":1279,"href":"https:\/\/edublog.educastur.es\/agrariaiesconcejodetineo\/wp-json\/wp\/v2\/posts\/1277\/revisions\/1279"}],"wp:attachment":[{"href":"https:\/\/edublog.educastur.es\/agrariaiesconcejodetineo\/wp-json\/wp\/v2\/media?parent=1277"}],"wp:term":[{"taxonomy":"category","embeddable":true,"href":"https:\/\/edublog.educastur.es\/agrariaiesconcejodetineo\/wp-json\/wp\/v2\/categories?post=1277"},{"taxonomy":"post_tag","embeddable":true,"href":"https:\/\/edublog.educastur.es\/agrariaiesconcejodetineo\/wp-json\/wp\/v2\/tags?post=1277"}],"curies":[{"name":"wp","href":"https:\/\/api.w.org\/{rel}","templated":true}]}}