{"id":1289,"date":"2026-03-27T09:20:50","date_gmt":"2026-03-27T09:20:50","guid":{"rendered":"https:\/\/edublog.educastur.es\/agrariaiesconcejodetineo\/?p=1289"},"modified":"2026-04-10T07:02:59","modified_gmt":"2026-04-10T07:02:59","slug":"iii-concurso-de-fotografia-ambiental","status":"publish","type":"post","link":"https:\/\/edublog.educastur.es\/agrariaiesconcejodetineo\/2026\/03\/27\/iii-concurso-de-fotografia-ambiental\/","title":{"rendered":"III Concurso de fotograf\u00eda ambiental"},"content":{"rendered":"<p>Como ya sab\u00e9is desde hace tres a\u00f1os es costumbre celebrar en el marco de las Jornadas del Orgullo Rural el Concurso de fotograf\u00eda ambiental. Os dejamos a continuaci\u00f3n las bases del mismo:<\/p>\n<div class=\"page\" title=\"Page 2\">\n<div class=\"section\">\n<div class=\"layoutArea\">\n<div class=\"column\">\n<p>III CONCURSO DE FOTOGRAFI\u0301A AMBIENTAL DEPARTAMENTO DE AGRARIA-IES CONCEJO DE TINEO<\/p>\n<p>(ANTIGUA ESCUELA DE SELVICULTURA)<\/p>\n<p>El hecho de participar en este concurso autoriza a utilizar, difundir, exhibir, publicar e imprimir cualquiera de las fotografi\u0301as premiadas y\/o mencionadas en este concurso, con fines docentes y formativos, no comerciales.<br \/>\nLa participacio\u0301n en este concurso implica la total aceptacio\u0301n de las Bases Reguladoras del mismo.<\/p>\n<p>Condiciones de envi\u0301o de fotografi\u0301as:<br \/>\nLa imagen sera\u0301 enviada vi\u0301a correo electro\u0301nico a: concursofotoiestineo@gmail.com Asunto: FOTOTINEO2026<br \/>\nEn el cuerpo del mensaje: nombre y apellidos, DNI, tele\u0301fono de contacto y correo electro\u0301nico<br \/>\nTi\u0301tulo de la obra y texto explicativo<br \/>\nLugar y fecha de la realizacio\u0301n de la fotografi\u0301a.<br \/>\nFormato: se aceptara\u0301n archivos .jpg o .png<br \/>\nTaman\u0303o mi\u0301nimo de 1500&#215;2300 pi\u0301xeles.<br \/>\nNo existe restricciones en la relacio\u0301n de aspecto. Se aceptara\u0301n desde formato cuadrado hasta formato panora\u0301mico.<\/p>\n<p>Jurado: Equipo docente Dto. Agraria del IES Concejo de Tineo.<\/p>\n<p>Premios: Lotes de productos de empresas locales.<br \/>\nLas obras ganadoras se dara\u0301n a conocer el di\u0301a 24 de abril de 2026 y se informara\u0301 a los galardonados mediante un mail.<br \/>\nLa entrega sera\u0301 en el cierre de las Jornadas del Orgullo Rural en la antigua Escuela de Selvicultura de Tineo, Carretera San Roque s\/n &#8211; 33870 Tineo, en caso de no poder asistir se recogera\u0301n a partir de ese di\u0301a en la Escuela. \u00a1Suerteal@sparticipantes!<\/p>\n<\/div>\n<div class=\"page\" title=\"Page 3\">\n<div class=\"section\">\n<div class=\"layoutArea\">\n<div class=\"column\">\n<p>La Escuela de Selvicultura del IES Concejo de Tineo, en el marco de las IX Jornadas del Orgullo Rural , organiza el III Concurso de Fotografi\u0301a Ambiental.<br \/>\nDesde nuestra escuela queremos fomentar la sensibilidad hacia temas ambientales y difundir la necesidad de acciones individuales y colectivas que contribuyan a reducir nuestro impacto sobre el planeta . Se valorara\u0301n especialmente las fotografi\u0301as que reflejen aspectos entorno a la problema\u0301tica del cambio clima\u0301tico y\/o que muestren acciones y modos de vida respetuosos.<\/p>\n<p>\u00a1Queremos conocer tu forma de mirar el mundo! Plazo de presentacio\u0301n: hasta 24 de abril de 2026.<\/p>\n<p>Bases del concurso:<\/p>\n<p>Las ima\u0301genes debera\u0301n ser originales e ine\u0301ditas.<br \/>\nLa organizacio\u0301n no se responsabiliza de posibles reclamaciones de derechos de autor por parte de terceros.<br \/>\nEl nu\u0301mero ma\u0301ximo de fotografi\u0301as que puede presentar cada participante es de tres (3).<br \/>\nLas ima\u0301genes deben disponer de un ti\u0301tulo aportado por el autor\/a y un texto explicativo que ilustre la imagen. No se aceptara\u0301n fotografi\u0301as sin texto.<br \/>\nEn el procesado de las fotografi\u0301as se admitira\u0301n los ajustes propios del revelado digital como balance de blancos, exposicio\u0301n, niveles, contraste, saturacio\u0301n o enfoque, eliminacio\u0301n del vin\u0303eteado, asi\u0301 como la limpieza de parti\u0301culas, y recortes. No se admitira\u0301n alteraciones ni manipulaciones de la imagen o parte\/s de la imagen, que impliquen que la fotografi\u0301a pase a reflejar una realidad distinta a la fotografiada.<br \/>\nNo sera\u0301n aceptadas aquellas ima\u0301genes que muestren de forma directa e intencional determinados elementos que puedan interpretarse como publicidad.<\/p>\n<\/div>\n<\/div>\n<\/div>\n<\/div>\n<\/div>\n<\/div>\n<\/div>\n","protected":false},"excerpt":{"rendered":"<p>Como ya sab\u00e9is desde hace tres a\u00f1os es costumbre celebrar en el marco de las Jornadas del Orgullo Rural el Concurso de fotograf\u00eda ambiental. Os dejamos a continuaci\u00f3n las bases del mismo: III CONCURSO DE FOTOGRAFI\u0301A AMBIENTAL DEPARTAMENTO DE AGRARIA-IES CONCEJO DE TINEO (ANTIGUA ESCUELA DE SELVICULTURA) El hecho de participar en este concurso autoriza [&hellip;]<\/p>\n","protected":false},"author":1689,"featured_media":0,"comment_status":"open","ping_status":"open","sticky":false,"template":"","format":"standard","meta":{"footnotes":""},"categories":[47,44,48,46,1],"tags":[],"class_list":["post-1289","post","type-post","status-publish","format-standard","hentry","category-agraria","category-conocenos","category-forestal","category-noticias","category-sin-categoria"],"_links":{"self":[{"href":"https:\/\/edublog.educastur.es\/agrariaiesconcejodetineo\/wp-json\/wp\/v2\/posts\/1289","targetHints":{"allow":["GET"]}}],"collection":[{"href":"https:\/\/edublog.educastur.es\/agrariaiesconcejodetineo\/wp-json\/wp\/v2\/posts"}],"about":[{"href":"https:\/\/edublog.educastur.es\/agrariaiesconcejodetineo\/wp-json\/wp\/v2\/types\/post"}],"author":[{"embeddable":true,"href":"https:\/\/edublog.educastur.es\/agrariaiesconcejodetineo\/wp-json\/wp\/v2\/users\/1689"}],"replies":[{"embeddable":true,"href":"https:\/\/edublog.educastur.es\/agrariaiesconcejodetineo\/wp-json\/wp\/v2\/comments?post=1289"}],"version-history":[{"count":3,"href":"https:\/\/edublog.educastur.es\/agrariaiesconcejodetineo\/wp-json\/wp\/v2\/posts\/1289\/revisions"}],"predecessor-version":[{"id":1294,"href":"https:\/\/edublog.educastur.es\/agrariaiesconcejodetineo\/wp-json\/wp\/v2\/posts\/1289\/revisions\/1294"}],"wp:attachment":[{"href":"https:\/\/edublog.educastur.es\/agrariaiesconcejodetineo\/wp-json\/wp\/v2\/media?parent=1289"}],"wp:term":[{"taxonomy":"category","embeddable":true,"href":"https:\/\/edublog.educastur.es\/agrariaiesconcejodetineo\/wp-json\/wp\/v2\/categories?post=1289"},{"taxonomy":"post_tag","embeddable":true,"href":"https:\/\/edublog.educastur.es\/agrariaiesconcejodetineo\/wp-json\/wp\/v2\/tags?post=1289"}],"curies":[{"name":"wp","href":"https:\/\/api.w.org\/{rel}","templated":true}]}}