{"id":947,"date":"2022-06-23T08:57:59","date_gmt":"2022-06-23T08:57:59","guid":{"rendered":"https:\/\/edublog.educastur.es\/agrariaiesconcejodetineo\/?p=947"},"modified":"2022-06-23T16:46:08","modified_gmt":"2022-06-23T16:46:08","slug":"produccion-agroecologica","status":"publish","type":"post","link":"https:\/\/edublog.educastur.es\/agrariaiesconcejodetineo\/2022\/06\/23\/produccion-agroecologica\/","title":{"rendered":"Producci\u00f3n Agroecol\u00f3gica"},"content":{"rendered":"<p style=\"text-align: justify\">Seguimos recordando la implantaci\u00f3n de un nuevo ciclo de grado medio de Producci\u00f3n Agroecol\u00f3gica en nuestro IES para el pr\u00f3ximo curso escolar.<\/p>\n<p style=\"text-align: justify\">Para m\u00e1s informaci\u00f3n accede a la pesta\u00f1a <strong>\u00abOferta Formativa\u00bb<\/strong> de este blog, llama al <strong>985800659<\/strong>, o env\u00eda un correo a <strong>concejot@educastur.org<\/strong>, indicando en asunto: Producci\u00f3n Agroecol\u00f3gica.<\/p>\n<p><img loading=\"lazy\" decoding=\"async\" class=\" wp-image-948 alignnone aligncenter\" src=\"http:\/\/edublog.educastur.es\/agrariaiesconcejodetineo\/files\/2022\/06\/Poster-Dia-de-la-Tierra-Vida-Ecologica-dibujo-bombilla-verde-y-azul-fondo-blanco-POSTER2022-2-212x300.png\" alt=\"\" width=\"307\" height=\"434\" srcset=\"https:\/\/edublog.educastur.es\/agrariaiesconcejodetineo\/files\/2022\/06\/Poster-Dia-de-la-Tierra-Vida-Ecologica-dibujo-bombilla-verde-y-azul-fondo-blanco-POSTER2022-2-212x300.png 212w, https:\/\/edublog.educastur.es\/agrariaiesconcejodetineo\/files\/2022\/06\/Poster-Dia-de-la-Tierra-Vida-Ecologica-dibujo-bombilla-verde-y-azul-fondo-blanco-POSTER2022-2.png 297w\" sizes=\"auto, (max-width: 307px) 100vw, 307px\" \/><\/p>\n","protected":false},"excerpt":{"rendered":"<p>Seguimos recordando la implantaci\u00f3n de un nuevo ciclo de grado medio de Producci\u00f3n Agroecol\u00f3gica en nuestro IES para el pr\u00f3ximo curso escolar. Para m\u00e1s informaci\u00f3n accede a la pesta\u00f1a \u00abOferta Formativa\u00bb de este blog, llama al 985800659, o env\u00eda un correo a concejot@educastur.org, indicando en asunto: Producci\u00f3n Agroecol\u00f3gica.<\/p>\n","protected":false},"author":1261,"featured_media":0,"comment_status":"open","ping_status":"open","sticky":false,"template":"","format":"standard","meta":{"footnotes":""},"categories":[1],"tags":[],"class_list":["post-947","post","type-post","status-publish","format-standard","hentry","category-sin-categoria"],"_links":{"self":[{"href":"https:\/\/edublog.educastur.es\/agrariaiesconcejodetineo\/wp-json\/wp\/v2\/posts\/947","targetHints":{"allow":["GET"]}}],"collection":[{"href":"https:\/\/edublog.educastur.es\/agrariaiesconcejodetineo\/wp-json\/wp\/v2\/posts"}],"about":[{"href":"https:\/\/edublog.educastur.es\/agrariaiesconcejodetineo\/wp-json\/wp\/v2\/types\/post"}],"author":[{"embeddable":true,"href":"https:\/\/edublog.educastur.es\/agrariaiesconcejodetineo\/wp-json\/wp\/v2\/users\/1261"}],"replies":[{"embeddable":true,"href":"https:\/\/edublog.educastur.es\/agrariaiesconcejodetineo\/wp-json\/wp\/v2\/comments?post=947"}],"version-history":[{"count":4,"href":"https:\/\/edublog.educastur.es\/agrariaiesconcejodetineo\/wp-json\/wp\/v2\/posts\/947\/revisions"}],"predecessor-version":[{"id":952,"href":"https:\/\/edublog.educastur.es\/agrariaiesconcejodetineo\/wp-json\/wp\/v2\/posts\/947\/revisions\/952"}],"wp:attachment":[{"href":"https:\/\/edublog.educastur.es\/agrariaiesconcejodetineo\/wp-json\/wp\/v2\/media?parent=947"}],"wp:term":[{"taxonomy":"category","embeddable":true,"href":"https:\/\/edublog.educastur.es\/agrariaiesconcejodetineo\/wp-json\/wp\/v2\/categories?post=947"},{"taxonomy":"post_tag","embeddable":true,"href":"https:\/\/edublog.educastur.es\/agrariaiesconcejodetineo\/wp-json\/wp\/v2\/tags?post=947"}],"curies":[{"name":"wp","href":"https:\/\/api.w.org\/{rel}","templated":true}]}}