{"id":967,"date":"2022-06-23T18:28:15","date_gmt":"2022-06-23T18:28:15","guid":{"rendered":"https:\/\/edublog.educastur.es\/agrariaiesconcejodetineo\/?p=967"},"modified":"2022-06-23T18:28:58","modified_gmt":"2022-06-23T18:28:58","slug":"serida-y-sostenibilidad","status":"publish","type":"post","link":"https:\/\/edublog.educastur.es\/agrariaiesconcejodetineo\/2022\/06\/23\/serida-y-sostenibilidad\/","title":{"rendered":"Serida y Sostenibilidad"},"content":{"rendered":"<p style=\"text-align: justify\">Recientemente hemos conocido que el <strong>Serida (Servicio Regional de Investigaci\u00f3n y Desarrollo Agroalimentario)<\/strong> participar\u00e1 en un plan para el desarrollo de acciones innovadoras para una <strong>apicultura y ganader\u00eda sostenibles<\/strong>.<\/p>\n<p style=\"text-align: justify\">Ver:\u00a0<a href=\"https:\/\/www.elcomercio.es\/asturias\/heroes-del-campo\/serida-coordinara-plan-20220623002106-ntvo.html\">Noticia<\/a><\/p>\n","protected":false},"excerpt":{"rendered":"<p>Recientemente hemos conocido que el Serida (Servicio Regional de Investigaci\u00f3n y Desarrollo Agroalimentario) participar\u00e1 en un plan para el desarrollo de acciones innovadoras para una apicultura y ganader\u00eda sostenibles. Ver:\u00a0Noticia<\/p>\n","protected":false},"author":1261,"featured_media":0,"comment_status":"open","ping_status":"open","sticky":false,"template":"","format":"standard","meta":{"footnotes":""},"categories":[1],"tags":[],"class_list":["post-967","post","type-post","status-publish","format-standard","hentry","category-sin-categoria"],"_links":{"self":[{"href":"https:\/\/edublog.educastur.es\/agrariaiesconcejodetineo\/wp-json\/wp\/v2\/posts\/967","targetHints":{"allow":["GET"]}}],"collection":[{"href":"https:\/\/edublog.educastur.es\/agrariaiesconcejodetineo\/wp-json\/wp\/v2\/posts"}],"about":[{"href":"https:\/\/edublog.educastur.es\/agrariaiesconcejodetineo\/wp-json\/wp\/v2\/types\/post"}],"author":[{"embeddable":true,"href":"https:\/\/edublog.educastur.es\/agrariaiesconcejodetineo\/wp-json\/wp\/v2\/users\/1261"}],"replies":[{"embeddable":true,"href":"https:\/\/edublog.educastur.es\/agrariaiesconcejodetineo\/wp-json\/wp\/v2\/comments?post=967"}],"version-history":[{"count":2,"href":"https:\/\/edublog.educastur.es\/agrariaiesconcejodetineo\/wp-json\/wp\/v2\/posts\/967\/revisions"}],"predecessor-version":[{"id":969,"href":"https:\/\/edublog.educastur.es\/agrariaiesconcejodetineo\/wp-json\/wp\/v2\/posts\/967\/revisions\/969"}],"wp:attachment":[{"href":"https:\/\/edublog.educastur.es\/agrariaiesconcejodetineo\/wp-json\/wp\/v2\/media?parent=967"}],"wp:term":[{"taxonomy":"category","embeddable":true,"href":"https:\/\/edublog.educastur.es\/agrariaiesconcejodetineo\/wp-json\/wp\/v2\/categories?post=967"},{"taxonomy":"post_tag","embeddable":true,"href":"https:\/\/edublog.educastur.es\/agrariaiesconcejodetineo\/wp-json\/wp\/v2\/tags?post=967"}],"curies":[{"name":"wp","href":"https:\/\/api.w.org\/{rel}","templated":true}]}}