{"id":997,"date":"2023-01-10T09:56:49","date_gmt":"2023-01-10T09:56:49","guid":{"rendered":"https:\/\/edublog.educastur.es\/agrariaiesconcejodetineo\/?p=997"},"modified":"2023-05-29T09:40:46","modified_gmt":"2023-05-29T09:40:46","slug":"segundo-trimestre-22-23","status":"publish","type":"post","link":"https:\/\/edublog.educastur.es\/agrariaiesconcejodetineo\/2023\/01\/10\/segundo-trimestre-22-23\/","title":{"rendered":"Segundo Trimestre 22\/23"},"content":{"rendered":"<p style=\"font-weight: 400;text-align: justify\">Retomamos de nuevo nuestra andadura en el blog, esperando que todos hay\u00e1is tenido una estupenda Navidad, y recordando alguno de los acontecimientos mas destacados del primes trimestre en el Departamento de Agraria (antigua Escuela de Selvicultura).<\/p>\n<p style=\"font-weight: 400;text-align: justify\">En primer lugar, tenemos que felicitar a C\u00e9sar Otero Davi\u00f1a, que fue galardonado por su extraordinaria trayectoria con uno de los Premios extraordinarios de Formaci\u00f3n Profesional de grado superior correspondientes al a\u00f1o 2021 de la familia de Agraria. C\u00e9sar fue nuestro mejor representante en la ceremonia de entrega de los Premios Princesa de Asturias 2022.\u00a0 Os dejamos una muestra de lo bien que se lo pas\u00f3 en el teatro Campoamor. <strong>\u00a1ENHORABUENA C\u00c9SAR!<\/strong><\/p>\n<p style=\"text-align: justify\"><img loading=\"lazy\" decoding=\"async\" class=\"alignnone size-medium wp-image-1000 aligncenter\" src=\"http:\/\/edublog.educastur.es\/agrariaiesconcejodetineo\/files\/2023\/01\/Captura-de-Pantalla-2023-01-10-a-las-10.59.28-296x300.png\" alt=\"\" width=\"296\" height=\"300\" srcset=\"https:\/\/edublog.educastur.es\/agrariaiesconcejodetineo\/files\/2023\/01\/Captura-de-Pantalla-2023-01-10-a-las-10.59.28-296x300.png 296w, https:\/\/edublog.educastur.es\/agrariaiesconcejodetineo\/files\/2023\/01\/Captura-de-Pantalla-2023-01-10-a-las-10.59.28-88x88.png 88w, https:\/\/edublog.educastur.es\/agrariaiesconcejodetineo\/files\/2023\/01\/Captura-de-Pantalla-2023-01-10-a-las-10.59.28.png 315w\" sizes=\"auto, (max-width: 296px) 100vw, 296px\" \/><\/p>\n<p style=\"font-weight: 400;text-align: justify\">En segundo lugar, os tenemos que hablar del \u00ab<strong>Campeonato Mundial de Pesca de la especialidad con mosca<\/strong>\u00ab, puesto que la Federaci\u00f3n Internacional de Pesca con Mosca (FIPS-Mouche) eligi\u00f3 como sede Espa\u00f1a, mas concretamente, Asturias.<\/p>\n<p style=\"font-weight: 400;text-align: justify\">A continuaci\u00f3n, os dejamos una peque\u00f1a rese\u00f1a elaborada por el alumnado del segundo curso del ciclo de Gesti\u00f3n Forestal y del Medio Natural, que se imparte en IES Concejo de Tineo. Y es que, parte de nuestro alumnado particip\u00f3 como voluntario en el campeonato.<\/p>\n<p style=\"font-weight: 400;text-align: justify\">CAMPEONATO MUNDIAL DE PESCA CON MOSCA EN EL ARENERO (TINEO)<\/p>\n<p style=\"font-weight: 400;text-align: justify\">Entre los d\u00edas 26 y 30 de septiembre de 2022 en Tineo, Asturias, tuvo lugar el 41\u00ba campeonato mundial de pesca a mosca, donde los estudiantes de la escuela de selvicultura de Tineo tuvieron la oportunidad de participar, ya que de esta manera entraban en contacto con uno sus \u00e1mbitos de estudio.<\/p>\n<p style=\"font-weight: 400;text-align: justify\">El campeonato constaba de cinco sectores, el primer sector en el r\u00edo Caudal, el segundo sector el en r\u00edo Pilo\u00f1a, El tercer sector en el r\u00edo Trubia, el cuarto en el r\u00edo Narcea y finalmente el quinto en \u201cEl Arenero\u201d de Tineo, \u00fanico sector de lago. El alumnado de la escuela se involucr\u00f3 durante toda la duraci\u00f3n de la competici\u00f3n encarg\u00e1ndose de los trabajos de supervisi\u00f3n, medici\u00f3n y conteo de las especies pisc\u00edcolas.<\/p>\n<p style=\"font-weight: 400;text-align: justify\">En este campeonato estaba permitido la pesca de salm\u00f3nidos con una longitud igual o superior a 20 cm y que tuvieran prendido el anzuelo desde la branquia hacia la boca.<\/p>\n<p style=\"font-weight: 400;text-align: justify\">A las 9 a.m. llegaban los alumnos para la recogida de los instrumentos necesarios:<\/p>\n<ol style=\"text-align: justify\">\n<li style=\"font-weight: 400\">La carpeta de control, en su interior se encontraba:<\/li>\n<\/ol>\n<ul style=\"text-align: justify\">\n<li>La acreditaci\u00f3n: para poder identificar a los trabajadores<\/li>\n<li>Dos bol\u00edgrafos junto a la plica (papel en el que los controles deb\u00edan reflejar la especie de salm\u00f3nido, hora de pesca, tama\u00f1o en mm y sistema decimal, comentarios, firma del pescador, pa\u00eds del pescador, nombre del competidor y del control, sesi\u00f3n, tramo, sector).<\/li>\n<\/ul>\n<ol style=\"text-align: justify\" start=\"2\">\n<li style=\"font-weight: 400\">Canal\u00f3n: trozo de tubo de pvc, el cual llevaba incorporada una regla milimetrada para facilitar las labores de medici\u00f3n a los controles. En este recipiente se colocaba la cabeza de la trucha contra la parte cerrada del canal\u00f3n para, a continuaci\u00f3n, determinar la longitud del pez.<\/li>\n<\/ol>\n<p style=\"font-weight: 400;text-align: justify\">La competici\u00f3n se divid\u00eda en 23 tramos a lo largo del todo el lago. En cada tramo un pescador ten\u00eda 40 min para hacer el mayor n\u00famero de capturas y 15 minutos para cambiarse de tramo y descansar; en total cada pescador hacia 6 tramos al d\u00eda.<\/p>\n<p style=\"font-weight: 400;text-align: justify\">Se comenzaba cada jornada con la asignaci\u00f3n de los sectores correspondientes a cada competidor y su auxiliar. A las 9:45 los controladores se dirig\u00edan a los tramos donde se encontraban sus respectivos pescadores, siguiendo las pautas dadas por la Federaci\u00f3n Internacional de Pesca Mosca (FIPS-Mouche), y a las 10 a.m. daba comienzo la competici\u00f3n.<\/p>\n<p style=\"font-weight: 400;text-align: justify\">Las funciones de los estudiantes eran las siguientes:<\/p>\n<ol style=\"text-align: justify\">\n<li>Retirar el anzuelo de la trucha.<\/li>\n<li>Colocarla en el medidor y comprobar que midiese m\u00e1s de 20 cm.<\/li>\n<li>Apuntar los datos en plica (la especie, la hora de captura, la medida en mil\u00edmetros y la firma del pescador).<\/li>\n<li>Liberar la trucha de forma cuidadosa. Este proceso era de corto periodo para evitar el estr\u00e9s del animal<\/li>\n<\/ol>\n<p style=\"font-weight: 400;text-align: justify\">Lo m\u00e1s destacable de las jornadas del mundial de pesca de este sector fue Julien Daguillanes de la selecci\u00f3n francesa, que se convirti\u00f3 en el primer clasificado con un total de 58 salm\u00f3nidos, alz\u00e1ndose campe\u00f3n en categor\u00eda individual. Por otra parte, el combinado espa\u00f1ol realiz\u00f3 un excelente trabajo tanto individualmente como por equipos, siendo los m\u00e1s destacados David Arcay y Rub\u00e9n Santos, otorg\u00e1ndole as\u00ed el mundial por equipos a la selecci\u00f3n espa\u00f1ola.<\/p>\n<p style=\"font-weight: 400\">\n","protected":false},"excerpt":{"rendered":"<p>Retomamos de nuevo nuestra andadura en el blog, esperando que todos hay\u00e1is tenido una estupenda Navidad, y recordando alguno de los acontecimientos mas destacados del primes trimestre en el Departamento de Agraria (antigua Escuela de Selvicultura). En primer lugar, tenemos que felicitar a C\u00e9sar Otero Davi\u00f1a, que fue galardonado por su extraordinaria trayectoria con uno [&hellip;]<\/p>\n","protected":false},"author":1689,"featured_media":0,"comment_status":"open","ping_status":"open","sticky":false,"template":"","format":"standard","meta":{"footnotes":""},"categories":[1],"tags":[],"class_list":["post-997","post","type-post","status-publish","format-standard","hentry","category-sin-categoria"],"_links":{"self":[{"href":"https:\/\/edublog.educastur.es\/agrariaiesconcejodetineo\/wp-json\/wp\/v2\/posts\/997","targetHints":{"allow":["GET"]}}],"collection":[{"href":"https:\/\/edublog.educastur.es\/agrariaiesconcejodetineo\/wp-json\/wp\/v2\/posts"}],"about":[{"href":"https:\/\/edublog.educastur.es\/agrariaiesconcejodetineo\/wp-json\/wp\/v2\/types\/post"}],"author":[{"embeddable":true,"href":"https:\/\/edublog.educastur.es\/agrariaiesconcejodetineo\/wp-json\/wp\/v2\/users\/1689"}],"replies":[{"embeddable":true,"href":"https:\/\/edublog.educastur.es\/agrariaiesconcejodetineo\/wp-json\/wp\/v2\/comments?post=997"}],"version-history":[{"count":8,"href":"https:\/\/edublog.educastur.es\/agrariaiesconcejodetineo\/wp-json\/wp\/v2\/posts\/997\/revisions"}],"predecessor-version":[{"id":1073,"href":"https:\/\/edublog.educastur.es\/agrariaiesconcejodetineo\/wp-json\/wp\/v2\/posts\/997\/revisions\/1073"}],"wp:attachment":[{"href":"https:\/\/edublog.educastur.es\/agrariaiesconcejodetineo\/wp-json\/wp\/v2\/media?parent=997"}],"wp:term":[{"taxonomy":"category","embeddable":true,"href":"https:\/\/edublog.educastur.es\/agrariaiesconcejodetineo\/wp-json\/wp\/v2\/categories?post=997"},{"taxonomy":"post_tag","embeddable":true,"href":"https:\/\/edublog.educastur.es\/agrariaiesconcejodetineo\/wp-json\/wp\/v2\/tags?post=997"}],"curies":[{"name":"wp","href":"https:\/\/api.w.org\/{rel}","templated":true}]}}