{"id":1,"date":"2021-09-22T13:47:26","date_gmt":"2021-09-22T13:47:26","guid":{"rendered":"https:\/\/edublog.educastur.es\/aulasverdes\/?p=1"},"modified":"2021-10-12T16:02:15","modified_gmt":"2021-10-12T16:02:15","slug":"hola-mundo","status":"publish","type":"post","link":"https:\/\/edublog.educastur.es\/aulasverdes\/2021\/09\/22\/hola-mundo\/","title":{"rendered":"Bienvenidos y bienvenidas"},"content":{"rendered":"\r\n<p><span style=\"font-family: arial, helvetica, sans-serif;font-size: 14pt\">En este blog encontrar\u00e1s informaci\u00f3n, curiosidades, datos, fotos y videos sobre la naturaleza. Lo que pretendemos es crear un espacio donde compartir nuestras experiencias con el medio ambiente.\u00a0<\/span><\/p>\r\n<p><span style=\"font-family: arial, helvetica, sans-serif;font-size: 14pt\">Su contenido ser\u00e1 realizado por los alumnos y alumnas del colegio de educaci\u00f3n especial de Castiello de Bernueces, en Gij\u00f3n (Asturias) dentro del proyecto de Aulas Verdes.\u00a0<\/span><\/p>\r\n","protected":false},"excerpt":{"rendered":"<p>En este blog encontrar\u00e1s informaci\u00f3n, curiosidades, datos, fotos y videos sobre la naturaleza. Lo que pretendemos es crear un espacio donde compartir nuestras experiencias con el medio ambiente.\u00a0 Su contenido ser\u00e1 realizado por los alumnos y alumnas del colegio de educaci\u00f3n especial de Castiello de Bernueces, en Gij\u00f3n (Asturias) dentro del proyecto de Aulas Verdes.\u00a0<\/p>\n","protected":false},"author":917,"featured_media":0,"comment_status":"open","ping_status":"open","sticky":false,"template":"","format":"aside","meta":{"footnotes":""},"categories":[1],"tags":[],"class_list":["post-1","post","type-post","status-publish","format-aside","hentry","category-sin-categoria","post_format-post-format-aside"],"_links":{"self":[{"href":"https:\/\/edublog.educastur.es\/aulasverdes\/wp-json\/wp\/v2\/posts\/1","targetHints":{"allow":["GET"]}}],"collection":[{"href":"https:\/\/edublog.educastur.es\/aulasverdes\/wp-json\/wp\/v2\/posts"}],"about":[{"href":"https:\/\/edublog.educastur.es\/aulasverdes\/wp-json\/wp\/v2\/types\/post"}],"author":[{"embeddable":true,"href":"https:\/\/edublog.educastur.es\/aulasverdes\/wp-json\/wp\/v2\/users\/917"}],"replies":[{"embeddable":true,"href":"https:\/\/edublog.educastur.es\/aulasverdes\/wp-json\/wp\/v2\/comments?post=1"}],"version-history":[{"count":5,"href":"https:\/\/edublog.educastur.es\/aulasverdes\/wp-json\/wp\/v2\/posts\/1\/revisions"}],"predecessor-version":[{"id":116,"href":"https:\/\/edublog.educastur.es\/aulasverdes\/wp-json\/wp\/v2\/posts\/1\/revisions\/116"}],"wp:attachment":[{"href":"https:\/\/edublog.educastur.es\/aulasverdes\/wp-json\/wp\/v2\/media?parent=1"}],"wp:term":[{"taxonomy":"category","embeddable":true,"href":"https:\/\/edublog.educastur.es\/aulasverdes\/wp-json\/wp\/v2\/categories?post=1"},{"taxonomy":"post_tag","embeddable":true,"href":"https:\/\/edublog.educastur.es\/aulasverdes\/wp-json\/wp\/v2\/tags?post=1"}],"curies":[{"name":"wp","href":"https:\/\/api.w.org\/{rel}","templated":true}]}}