{"id":1009,"date":"2023-01-31T12:29:01","date_gmt":"2023-01-31T12:29:01","guid":{"rendered":"https:\/\/edublog.educastur.es\/aulasverdes\/?p=1009"},"modified":"2023-02-03T15:40:57","modified_gmt":"2023-02-03T15:40:57","slug":"visita-al-jardin-botanico","status":"publish","type":"post","link":"https:\/\/edublog.educastur.es\/aulasverdes\/2023\/01\/31\/visita-al-jardin-botanico\/","title":{"rendered":"Visita al Jard\u00edn Bot\u00e1nico"},"content":{"rendered":"<p><span style=\"font-family: arial, helvetica, sans-serif;font-size: 14pt\">El ciclo de EBO II particip\u00f3 en la <strong>Semana de la Ciencia en el Jard\u00edn Bot\u00e1nico.<\/strong><\/span><\/p>\n<p><span style=\"font-family: arial, helvetica, sans-serif;font-size: 14pt\">Hicieron muchas actividades: Plantar un casta\u00f1o, unas pruebas para encontrar las casta\u00f1as escondidas, visitar una colmena, nos ense\u00f1aron distintas variedades de casta\u00f1as y al final lo pasamos genial en el laberinto.<\/span><\/p>\n<p><span style=\"font-family: arial, helvetica, sans-serif;font-size: 14pt\">Nos gustar\u00eda compartir con vosotros este video de nuestra excursi\u00f3n.<\/span><\/p>\n<p><a href=\"https:\/\/web.microsoftstream.com\/video\/167ed827-bc0d-4a7a-b5f9-2b96c656318e\" target=\"_blank\" rel=\"noopener\">PULSA PARA ACCEDER PRESENTACI\u00d3N<\/a><\/p>\n\n<!-- iframe plugin v.6.0 wordpress.org\/plugins\/iframe\/ -->\n<iframe loading=\"lazy\" width=\"100%\" height=\"360\" src=\"https:\/\/web.microsoftstream.com\/embed\/video\/167ed827-bc0d-4a7a-b5f9-2b96c656318e?autoplay=false&#038;showinfo=true\" scrolling=\"yes\" class=\"iframe-class\" frameborder=\"0\"><\/iframe>\n\n<p><span style=\"font-family: arial, helvetica, sans-serif;font-size: 14pt\">Recomendamos a todos a que visit\u00e9is el Jard\u00edn Bot\u00e1nico, un lugar donde podemos conocer muchas plantas, disfrutar de un paseo por un bosque, jugar en unos columpios muy especiales, tener la experiencia de entrar en un laberinto y todo ello muy cerca de nuestras casas.<\/span><\/p>\n","protected":false},"excerpt":{"rendered":"<p>El ciclo de EBO II particip\u00f3 en la Semana de la Ciencia en el Jard\u00edn Bot\u00e1nico. Hicieron muchas actividades: Plantar un casta\u00f1o, unas pruebas para encontrar las casta\u00f1as escondidas, visitar una colmena, nos ense\u00f1aron distintas variedades de casta\u00f1as y al final lo pasamos genial en el laberinto. Nos gustar\u00eda compartir con vosotros este video de [&hellip;]<\/p>\n","protected":false},"author":1822,"featured_media":0,"comment_status":"open","ping_status":"open","sticky":false,"template":"","format":"standard","meta":{"footnotes":""},"categories":[5,15,1],"tags":[],"class_list":["post-1009","post","type-post","status-publish","format-standard","hentry","category-experiencias","category-rutas-senderismo","category-sin-categoria"],"_links":{"self":[{"href":"https:\/\/edublog.educastur.es\/aulasverdes\/wp-json\/wp\/v2\/posts\/1009","targetHints":{"allow":["GET"]}}],"collection":[{"href":"https:\/\/edublog.educastur.es\/aulasverdes\/wp-json\/wp\/v2\/posts"}],"about":[{"href":"https:\/\/edublog.educastur.es\/aulasverdes\/wp-json\/wp\/v2\/types\/post"}],"author":[{"embeddable":true,"href":"https:\/\/edublog.educastur.es\/aulasverdes\/wp-json\/wp\/v2\/users\/1822"}],"replies":[{"embeddable":true,"href":"https:\/\/edublog.educastur.es\/aulasverdes\/wp-json\/wp\/v2\/comments?post=1009"}],"version-history":[{"count":9,"href":"https:\/\/edublog.educastur.es\/aulasverdes\/wp-json\/wp\/v2\/posts\/1009\/revisions"}],"predecessor-version":[{"id":1083,"href":"https:\/\/edublog.educastur.es\/aulasverdes\/wp-json\/wp\/v2\/posts\/1009\/revisions\/1083"}],"wp:attachment":[{"href":"https:\/\/edublog.educastur.es\/aulasverdes\/wp-json\/wp\/v2\/media?parent=1009"}],"wp:term":[{"taxonomy":"category","embeddable":true,"href":"https:\/\/edublog.educastur.es\/aulasverdes\/wp-json\/wp\/v2\/categories?post=1009"},{"taxonomy":"post_tag","embeddable":true,"href":"https:\/\/edublog.educastur.es\/aulasverdes\/wp-json\/wp\/v2\/tags?post=1009"}],"curies":[{"name":"wp","href":"https:\/\/api.w.org\/{rel}","templated":true}]}}