{"id":1025,"date":"2022-12-22T09:48:03","date_gmt":"2022-12-22T09:48:03","guid":{"rendered":"https:\/\/edublog.educastur.es\/aulasverdes\/?p=1025"},"modified":"2022-12-22T09:48:03","modified_gmt":"2022-12-22T09:48:03","slug":"navidad-en-castiello","status":"publish","type":"post","link":"https:\/\/edublog.educastur.es\/aulasverdes\/2022\/12\/22\/navidad-en-castiello\/","title":{"rendered":"NAVIDAD EN CASTIELLO"},"content":{"rendered":"<p><img loading=\"lazy\" decoding=\"async\" class=\"size-medium wp-image-1026 aligncenter\" src=\"http:\/\/edublog.educastur.es\/aulasverdes\/files\/2022\/12\/IMG_20221212_142453-225x300.jpg\" alt=\"\" width=\"225\" height=\"300\" \/><\/p>\n<p style=\"text-align: center\"><span style=\"font-family: 'arial black', sans-serif;font-size: 14pt\">\u00a1El esp\u00edritu navide\u00f1o ha invadido nuestro centro! Gracias a la colaboraci\u00f3n de las familias y a las ideas tan chulas de los compa\u00f1eros hemos ido decorando con adornos sostenibles como los que veis a continuaci\u00f3n:\u00a0<\/span><\/p>\n<p>\u00a0 \u00a0 \u00a0 \u00a0 \u00a0 \u00a0 \u00a0 \u00a0 \u00a0 \u00a0 \u00a0 \u00a0 \u00a0 \u00a0 \u00a0 \u00a0 \u00a0 \u00a0 \u00a0 \u00a0 \u00a0 \u00a0 \u00a0 \u00a0 \u00a0 \u00a0 \u00a0 \u00a0 <img loading=\"lazy\" decoding=\"async\" class=\"wp-image-1027 aligncenter\" src=\"http:\/\/edublog.educastur.es\/aulasverdes\/files\/2022\/12\/IMG_20221125_153527-300x300.jpg\" alt=\"\" width=\"258\" height=\"258\" \/><\/p>\n<p><img loading=\"lazy\" decoding=\"async\" class=\"size-medium wp-image-1028 aligncenter\" src=\"http:\/\/edublog.educastur.es\/aulasverdes\/files\/2022\/12\/telas_-papanoel-300x300.jpg\" alt=\"\" width=\"300\" height=\"300\" \/><\/p>\n<p style=\"text-align: center\"><span style=\"font-size: 14pt\"><strong><span style=\"font-family: 'arial black', sans-serif\">Y el ciclo de TVA aprovech\u00f3 su visita al Parque Isabel la Cat\u00f3lica para recolectar ramas ca\u00eddas y \u00a1hacer su propio \u00e1rbol de navidad!<\/span><\/strong><\/span><\/p>\n<p><img loading=\"lazy\" decoding=\"async\" class=\"alignnone wp-image-1030\" src=\"http:\/\/edublog.educastur.es\/aulasverdes\/files\/2022\/12\/IMG_20221212_143323-300x225.jpg\" alt=\"\" width=\"227\" height=\"170\" \/>\u00a0 \u00a0 <img loading=\"lazy\" decoding=\"async\" class=\"alignnone wp-image-1029\" src=\"http:\/\/edublog.educastur.es\/aulasverdes\/files\/2022\/12\/IMG_20221212_143306-225x300.jpg\" alt=\"\" width=\"163\" height=\"218\" \/>\u00a0 \u00a0 <img loading=\"lazy\" decoding=\"async\" class=\"alignnone wp-image-1031\" src=\"http:\/\/edublog.educastur.es\/aulasverdes\/files\/2022\/12\/IMG_20221212_143327-300x225.jpg\" alt=\"\" width=\"238\" height=\"178\" \/><\/p>\n<p>&nbsp;<\/p>\n<p style=\"text-align: center\"><span style=\"font-family: 'arial black', sans-serif;font-size: 14pt\">Con estas ideas tan chulas que os hemos ense\u00f1ado os queremos desear<\/span><\/p>\n<p style=\"text-align: center\"><span style=\"font-family: 'arial black', sans-serif;font-size: 36pt\"><em><span style=\"color: #cc99ff\">\u00a1<\/span><span style=\"color: #ff6600\">F<\/span><span style=\"color: #993366\">E<\/span><span style=\"color: #ffcc99\">L<\/span><span style=\"color: #99cc00\">I<\/span><span style=\"color: #99ccff\">Z<\/span> <span style=\"color: #ff99cc\">N<\/span><span style=\"color: #800080\">A<\/span><span style=\"color: #993300\">V<\/span><span style=\"color: #ffcc00\">I<\/span><span style=\"color: #ffcc99\">D<\/span><span style=\"color: #333399\">A<\/span><span style=\"color: #3366ff\">D<\/span><span style=\"color: #cc99ff\">!<\/span><\/em> <\/span><\/p>\n<p style=\"text-align: center\"><span style=\"font-family: 'arial black', sans-serif;font-size: 14pt\">Nos vemos a la vuelta de las vacaciones.<\/span><\/p>\n","protected":false},"excerpt":{"rendered":"<p>\u00a1El esp\u00edritu navide\u00f1o ha invadido nuestro centro! Gracias a la colaboraci\u00f3n de las familias y a las ideas tan chulas de los compa\u00f1eros hemos ido decorando con adornos sostenibles como los que veis a continuaci\u00f3n:\u00a0 \u00a0 \u00a0 \u00a0 \u00a0 \u00a0 \u00a0 \u00a0 \u00a0 \u00a0 \u00a0 \u00a0 \u00a0 \u00a0 \u00a0 \u00a0 \u00a0 \u00a0 \u00a0 \u00a0 \u00a0 [&hellip;]<\/p>\n","protected":false},"author":917,"featured_media":0,"comment_status":"open","ping_status":"open","sticky":false,"template":"","format":"standard","meta":{"footnotes":""},"categories":[12,4,5,11],"tags":[],"class_list":["post-1025","post","type-post","status-publish","format-standard","hentry","category-dias-especiales","category-escuela-3r","category-experiencias","category-familias"],"_links":{"self":[{"href":"https:\/\/edublog.educastur.es\/aulasverdes\/wp-json\/wp\/v2\/posts\/1025","targetHints":{"allow":["GET"]}}],"collection":[{"href":"https:\/\/edublog.educastur.es\/aulasverdes\/wp-json\/wp\/v2\/posts"}],"about":[{"href":"https:\/\/edublog.educastur.es\/aulasverdes\/wp-json\/wp\/v2\/types\/post"}],"author":[{"embeddable":true,"href":"https:\/\/edublog.educastur.es\/aulasverdes\/wp-json\/wp\/v2\/users\/917"}],"replies":[{"embeddable":true,"href":"https:\/\/edublog.educastur.es\/aulasverdes\/wp-json\/wp\/v2\/comments?post=1025"}],"version-history":[{"count":8,"href":"https:\/\/edublog.educastur.es\/aulasverdes\/wp-json\/wp\/v2\/posts\/1025\/revisions"}],"predecessor-version":[{"id":1040,"href":"https:\/\/edublog.educastur.es\/aulasverdes\/wp-json\/wp\/v2\/posts\/1025\/revisions\/1040"}],"wp:attachment":[{"href":"https:\/\/edublog.educastur.es\/aulasverdes\/wp-json\/wp\/v2\/media?parent=1025"}],"wp:term":[{"taxonomy":"category","embeddable":true,"href":"https:\/\/edublog.educastur.es\/aulasverdes\/wp-json\/wp\/v2\/categories?post=1025"},{"taxonomy":"post_tag","embeddable":true,"href":"https:\/\/edublog.educastur.es\/aulasverdes\/wp-json\/wp\/v2\/tags?post=1025"}],"curies":[{"name":"wp","href":"https:\/\/api.w.org\/{rel}","templated":true}]}}