{"id":1049,"date":"2023-01-19T12:14:48","date_gmt":"2023-01-19T12:14:48","guid":{"rendered":"https:\/\/edublog.educastur.es\/aulasverdes\/?p=1049"},"modified":"2023-01-19T12:14:48","modified_gmt":"2023-01-19T12:14:48","slug":"familias-senderistas-3","status":"publish","type":"post","link":"https:\/\/edublog.educastur.es\/aulasverdes\/2023\/01\/19\/familias-senderistas-3\/","title":{"rendered":"FAMILIAS SENDERISTAS"},"content":{"rendered":"<p><span style=\"font-family: arial, helvetica, sans-serif;font-size: 14pt\">Nuestro compa\u00f1ero Luis y su familia hacen senderismo muchos findes de semana.\u00a0<\/span><\/p>\n<p><span style=\"font-family: arial, helvetica, sans-serif;font-size: 14pt\">Van en tren al lugar donde se inicia la ruta, de esta manera no cogen el coche y contaminan menos<\/span>.<\/p>\n<p><span style=\"font-family: arial, helvetica, sans-serif;font-size: 14pt\">Pensamos que esta es una manera de viajar muy respetuosa con nuestro planeta.<\/span><\/p>\n<p><span style=\"font-family: arial, helvetica, sans-serif;font-size: 14pt\">\u00a1\u00a1Gracias por la eco-idea!!!<\/span><\/p>\n<p><!--more--><\/p>\n<p><span style=\"font-family: 'arial black', sans-serif;font-size: 14pt\">1. Villalegre- Avil\u00e9s\u00a0<\/span><\/p>\n<p><img loading=\"lazy\" decoding=\"async\" class=\"size-medium wp-image-1051 aligncenter\" src=\"http:\/\/edublog.educastur.es\/aulasverdes\/files\/2023\/01\/IMG_20230119_105945_redimensionar-300x300.jpg\" alt=\"\" width=\"300\" height=\"300\" \/><\/p>\n<table style=\"width: 50.3979%;height: 89px\">\n<tbody>\n<tr style=\"height: 21px\">\n<td style=\"width: 46.1929%;height: 21px\" width=\"189\"><strong><span style=\"font-family: arial, helvetica, sans-serif;font-size: 14pt\">Distancia<\/span><\/strong><\/td>\n<td style=\"width: 91.7098%;height: 21px\" width=\"189\"><span style=\"font-family: arial, helvetica, sans-serif;font-size: 14pt\">\u00a010,31 Km<\/span><\/td>\n<\/tr>\n<tr style=\"height: 69px\">\n<td style=\"width: 46.1929%;height: 43px\" width=\"189\"><strong><span style=\"font-family: arial, helvetica, sans-serif;font-size: 14pt\">Dificultad t\u00e9cnica<\/span><\/strong><\/td>\n<td style=\"width: 91.7098%;height: 43px\" width=\"189\"><span style=\"font-family: arial, helvetica, sans-serif;font-size: 14pt\">Moderado<\/span><\/td>\n<\/tr>\n<tr style=\"height: 50px\">\n<td style=\"width: 46.1929%;height: 25px\" width=\"189\"><span style=\"font-family: arial, helvetica, sans-serif;font-size: 14pt\"><strong>Tipo de ruta<br \/>\n<\/strong><\/span><\/td>\n<td style=\"width: 91.7098%;height: 25px\" width=\"189\"><span style=\"font-family: arial, helvetica, sans-serif;font-size: 14pt\">IDA<\/span><\/td>\n<\/tr>\n<\/tbody>\n<\/table>\n<p><span style=\"font-family: arial, helvetica, sans-serif;font-size: 14pt\"><em>Para saber m\u00e1s detalles y ver m\u00e1s fotos sobre esta ruta pincha este enlace:<\/em><\/span><\/p>\n<p><a href=\"https:\/\/es.wikiloc.com\/rutas-senderismo\/villalegre-aviles-120566663\" target=\"_blank\" rel=\"noopener\">https:\/\/es.wikiloc.com\/rutas-senderismo\/villalegre-aviles-120566663<\/a><\/p>\n<p><span style=\"font-family: 'arial black', sans-serif;font-size: 14pt\">2. Villabona\u00a0<\/span><\/p>\n<p><span style=\"font-family: arial, helvetica, sans-serif;font-size: 14pt\"> <img loading=\"lazy\" decoding=\"async\" class=\"size-medium wp-image-1052 aligncenter\" src=\"http:\/\/edublog.educastur.es\/aulasverdes\/files\/2023\/01\/IMG_20230119_110340_redimensionar-300x300.jpg\" alt=\"\" width=\"300\" height=\"300\" \/><\/span><\/p>\n<table style=\"width: 46.2896%;height: 81px\">\n<tbody>\n<tr style=\"height: 27px\">\n<td style=\"height: 27px;width: 34.1037%\" width=\"189\"><span style=\"font-family: arial, helvetica, sans-serif;font-size: 14pt\">Distancia<\/span><\/td>\n<td style=\"height: 27px;width: 47.3466%\" width=\"189\"><span style=\"font-family: arial, helvetica, sans-serif;font-size: 14pt\">\u00a013,09 km<\/span><\/td>\n<\/tr>\n<tr style=\"height: 27px\">\n<td style=\"height: 27px;width: 34.1037%\" width=\"189\"><span style=\"font-family: arial, helvetica, sans-serif;font-size: 14pt\">Dificultad t\u00e9cnica<\/span><\/td>\n<td style=\"height: 27px;width: 47.3466%\" width=\"189\"><span style=\"font-family: arial, helvetica, sans-serif;font-size: 14pt\">Moderado<\/span><\/td>\n<\/tr>\n<tr style=\"height: 27px\">\n<td style=\"height: 27px;width: 34.1037%\" width=\"189\"><span style=\"font-family: arial, helvetica, sans-serif;font-size: 14pt\">Tipo de ruta<\/span><\/td>\n<td style=\"height: 27px;width: 47.3466%\" width=\"189\"><span style=\"font-family: arial, helvetica, sans-serif;font-size: 14pt\">Circular\u00a0\u00a0<\/span><\/td>\n<\/tr>\n<\/tbody>\n<\/table>\n<p><span style=\"font-family: arial, helvetica, sans-serif;font-size: 14pt\"><em>Para saber m\u00e1s detalles y ver m\u00e1s rutas de esta ruta pincha este enlace:<\/em><\/span><\/p>\n<p><a href=\"https:\/\/es.wikiloc.com\/rutas-senderismo\/villabona-villabona-120743682\" target=\"_blank\" rel=\"noopener\">https:\/\/es.wikiloc.com\/rutas-senderismo\/villabona-villabona-120743682<\/a><\/p>\n<p><span style=\"font-family: arial, helvetica, sans-serif;font-size: 14pt\"><em>\u00a0<\/em><\/span><span style=\"font-family: arial, helvetica, sans-serif;font-size: 14pt\"><em>\u00a0<\/em><\/span><span style=\"font-family: 'arial black', sans-serif;font-size: 14pt\"><strong>3. OLLONIEGO &#8211;\u00a0 OVIEDO\u00a0<\/strong><\/span><\/p>\n<p><img loading=\"lazy\" decoding=\"async\" class=\"size-medium wp-image-1053 aligncenter\" src=\"http:\/\/edublog.educastur.es\/aulasverdes\/files\/2023\/01\/IMG_20230119_110607_redimensionar-300x300.jpg\" alt=\"\" width=\"300\" height=\"300\" \/><\/p>\n<p>&nbsp;<\/p>\n<table>\n<tbody>\n<tr>\n<td width=\"189\"><span style=\"font-family: arial, helvetica, sans-serif;font-size: 14pt\">Distancia<\/span><\/td>\n<td width=\"189\"><span style=\"font-family: arial, helvetica, sans-serif;font-size: 14pt\">\u00a0 10,43 km<\/span><\/td>\n<\/tr>\n<tr>\n<td width=\"189\"><span style=\"font-family: arial, helvetica, sans-serif;font-size: 14pt\">Dificultad t\u00e9cnica<\/span><\/td>\n<td width=\"189\"><span style=\"font-family: arial, helvetica, sans-serif;font-size: 14pt\">Moderada<\/span><\/td>\n<\/tr>\n<tr>\n<td width=\"189\"><span style=\"font-family: arial, helvetica, sans-serif;font-size: 14pt\">Tipo de ruta<\/span><\/td>\n<td width=\"189\"><span style=\"font-family: arial, helvetica, sans-serif;font-size: 14pt\">IDA<\/span><\/td>\n<\/tr>\n<\/tbody>\n<\/table>\n<p><span style=\"font-family: arial, helvetica, sans-serif;font-size: 14pt\"><em>Para saber m\u00e1s detalles y ver m\u00e1s fotos sobre esta ruta pincha este enlace: <\/em><\/span><\/p>\n<p><a href=\"https:\/\/es.wikiloc.com\/rutas-senderismo\/olloniego-oviedo-121928860\" target=\"_blank\" rel=\"noopener\">https:\/\/es.wikiloc.com\/rutas-senderismo\/olloniego-oviedo-121928860<\/a><\/p>\n<p><span style=\"font-family: 'arial black', sans-serif;font-size: 14pt\">\u00a04 . Gij\u00f3n Fontaciera\u00a0<\/span><\/p>\n<p><img loading=\"lazy\" decoding=\"async\" class=\"size-medium wp-image-1054 aligncenter\" src=\"http:\/\/edublog.educastur.es\/aulasverdes\/files\/2023\/01\/IMG_20230119_110711_redimensionar-300x300.jpg\" alt=\"\" width=\"300\" height=\"300\" \/><\/p>\n<table>\n<tbody>\n<tr>\n<td width=\"189\"><span style=\"font-family: arial, helvetica, sans-serif;font-size: 14pt\">Distancia<\/span><\/td>\n<td width=\"189\"><span style=\"font-family: arial, helvetica, sans-serif;font-size: 14pt\">\u00a0 11, 47 km<\/span><\/td>\n<\/tr>\n<tr>\n<td width=\"189\"><span style=\"font-family: arial, helvetica, sans-serif;font-size: 14pt\">Dificultad t\u00e9cnica<\/span><\/td>\n<td width=\"189\"><span style=\"font-family: arial, helvetica, sans-serif;font-size: 14pt\">Moderada<\/span><\/td>\n<\/tr>\n<tr>\n<td width=\"189\"><span style=\"font-family: arial, helvetica, sans-serif;font-size: 14pt\">Tipo de ruta<\/span><\/td>\n<td width=\"189\"><span style=\"font-family: arial, helvetica, sans-serif;font-size: 14pt\">IDA<\/span><\/td>\n<\/tr>\n<\/tbody>\n<\/table>\n<p><span style=\"font-family: arial, helvetica, sans-serif;font-size: 14pt\"><em>\u00a0<\/em><\/span><a href=\"https:\/\/es.wikiloc.com\/rutas-senderismo\/gijon-fontaciera-122077330\">https:\/\/es.wikiloc.com\/rutas-senderismo\/gijon-fontaciera-122077330<\/a><\/p>\n<p>&nbsp;<\/p>\n<p><span style=\"font-family: arial, helvetica, sans-serif;font-size: 14pt\">*<em>N<\/em><\/span><em style=\"font-family: arial, helvetica, sans-serif;font-size: 14pt\">ota: Las rutas propuestas pueden sufrir modificaciones de la que no somos responsables.<\/em><\/p>\n<p><span style=\"font-family: arial, helvetica, sans-serif;font-size: 14pt\"><em>Recordar adem\u00e1s que cuando salimos a caminar, es muy importante consultar la previsi\u00f3n meteorol\u00f3gica, ir con un calzado y ropa adecuada, seguir por la ruta trazada y llevarnos de vuelta todos nuestros residuos. <\/em><\/span><\/p>\n","protected":false},"excerpt":{"rendered":"<p>Nuestro compa\u00f1ero Luis y su familia hacen senderismo muchos findes de semana.\u00a0 Van en tren al lugar donde se inicia la ruta, de esta manera no cogen el coche y contaminan menos. Pensamos que esta es una manera de viajar muy respetuosa con nuestro planeta. \u00a1\u00a1Gracias por la eco-idea!!!<\/p>\n","protected":false},"author":917,"featured_media":0,"comment_status":"open","ping_status":"open","sticky":false,"template":"","format":"standard","meta":{"footnotes":""},"categories":[11,15],"tags":[],"class_list":["post-1049","post","type-post","status-publish","format-standard","hentry","category-familias","category-rutas-senderismo"],"_links":{"self":[{"href":"https:\/\/edublog.educastur.es\/aulasverdes\/wp-json\/wp\/v2\/posts\/1049","targetHints":{"allow":["GET"]}}],"collection":[{"href":"https:\/\/edublog.educastur.es\/aulasverdes\/wp-json\/wp\/v2\/posts"}],"about":[{"href":"https:\/\/edublog.educastur.es\/aulasverdes\/wp-json\/wp\/v2\/types\/post"}],"author":[{"embeddable":true,"href":"https:\/\/edublog.educastur.es\/aulasverdes\/wp-json\/wp\/v2\/users\/917"}],"replies":[{"embeddable":true,"href":"https:\/\/edublog.educastur.es\/aulasverdes\/wp-json\/wp\/v2\/comments?post=1049"}],"version-history":[{"count":4,"href":"https:\/\/edublog.educastur.es\/aulasverdes\/wp-json\/wp\/v2\/posts\/1049\/revisions"}],"predecessor-version":[{"id":1058,"href":"https:\/\/edublog.educastur.es\/aulasverdes\/wp-json\/wp\/v2\/posts\/1049\/revisions\/1058"}],"wp:attachment":[{"href":"https:\/\/edublog.educastur.es\/aulasverdes\/wp-json\/wp\/v2\/media?parent=1049"}],"wp:term":[{"taxonomy":"category","embeddable":true,"href":"https:\/\/edublog.educastur.es\/aulasverdes\/wp-json\/wp\/v2\/categories?post=1049"},{"taxonomy":"post_tag","embeddable":true,"href":"https:\/\/edublog.educastur.es\/aulasverdes\/wp-json\/wp\/v2\/tags?post=1049"}],"curies":[{"name":"wp","href":"https:\/\/api.w.org\/{rel}","templated":true}]}}