{"id":1109,"date":"2023-03-02T09:05:11","date_gmt":"2023-03-02T09:05:11","guid":{"rendered":"https:\/\/edublog.educastur.es\/aulasverdes\/?p=1109"},"modified":"2023-03-02T09:05:11","modified_gmt":"2023-03-02T09:05:11","slug":"caminando-en-familia","status":"publish","type":"post","link":"https:\/\/edublog.educastur.es\/aulasverdes\/2023\/03\/02\/caminando-en-familia\/","title":{"rendered":"CAMINANDO EN FAMILIA"},"content":{"rendered":"<p><span style=\"font-family: arial, helvetica, sans-serif;font-size: 14pt\">Nuestro compa\u00f1ero Luis y su familia hacen senderismo muchos findes de semana.\u00a0<\/span><\/p>\n<p><span style=\"font-family: arial, helvetica, sans-serif;font-size: 14pt\">Van en tren al lugar donde se inicia la ruta, de esta manera no cogen el coche y contaminan menos<\/span>.<\/p>\n<p><span style=\"font-family: arial, helvetica, sans-serif;font-size: 14pt\">Pensamos que esta es una manera de viajar muy respetuosa con nuestro planeta.<\/span><\/p>\n<p><span style=\"font-family: arial, helvetica, sans-serif;font-size: 14pt\">\u00a1\u00a1Gracias por la eco-idea!!! Y gracias por compartir con nosotros y nosotras vuestras rutas.\u00a0<\/span><\/p>\n<p><!--more--><\/p>\n<p><span style=\"font-family: 'arial black', sans-serif;font-size: 14pt\">1. Regueral- Perlora\u00a0<\/span><\/p>\n<p><img loading=\"lazy\" decoding=\"async\" class=\"size-medium wp-image-1115 aligncenter\" src=\"http:\/\/edublog.educastur.es\/aulasverdes\/files\/2023\/03\/mosaico1_redimensionar-300x300.jpg\" alt=\"\" width=\"300\" height=\"300\" \/><\/p>\n<table style=\"width: 50.3979%;height: 89px\">\n<tbody>\n<tr style=\"height: 21px\">\n<td style=\"width: 46.1929%;height: 21px\" width=\"189\"><strong><span style=\"font-family: arial, helvetica, sans-serif;font-size: 14pt\">Distancia<\/span><\/strong><\/td>\n<td style=\"width: 91.7098%;height: 21px\" width=\"189\"><span style=\"font-family: arial, helvetica, sans-serif;font-size: 14pt\">\u00a0 11,4 Km<\/span><\/td>\n<\/tr>\n<tr style=\"height: 69px\">\n<td style=\"width: 46.1929%;height: 43px\" width=\"189\"><strong><span style=\"font-family: arial, helvetica, sans-serif;font-size: 14pt\">Dificultad t\u00e9cnica<\/span><\/strong><\/td>\n<td style=\"width: 91.7098%;height: 43px\" width=\"189\"><span style=\"font-family: arial, helvetica, sans-serif;font-size: 14pt\">Moderado<\/span><\/td>\n<\/tr>\n<tr style=\"height: 50px\">\n<td style=\"width: 46.1929%;height: 25px\" width=\"189\"><span style=\"font-family: arial, helvetica, sans-serif;font-size: 14pt\"><strong>Tipo de ruta<br \/>\n<\/strong><\/span><\/td>\n<td style=\"width: 91.7098%;height: 25px\" width=\"189\"><span style=\"font-family: arial, helvetica, sans-serif;font-size: 14pt\">IDA<\/span><\/td>\n<\/tr>\n<\/tbody>\n<\/table>\n<p><span style=\"font-family: arial, helvetica, sans-serif;font-size: 14pt\"><em>Para saber m\u00e1s detalles y ver m\u00e1s fotos sobre esta ruta pincha este enlace:<\/em><\/span><\/p>\n<p><a href=\"https:\/\/es.wikiloc.com\/rutas-senderismo\/regueral-perlora-125683767\" target=\"_blank\" rel=\"noopener\">PULSA PARA VER RUTA WIKILOC<\/a><\/p>\n<p><span style=\"font-family: 'arial black', sans-serif;font-size: 14pt\">2. Pedroco\u00a0<\/span><\/p>\n<p><img loading=\"lazy\" decoding=\"async\" class=\"size-medium wp-image-1116 aligncenter\" src=\"http:\/\/edublog.educastur.es\/aulasverdes\/files\/2023\/03\/mosaico2_redimensionar-300x300.jpg\" alt=\"\" width=\"300\" height=\"300\" \/><\/p>\n<table style=\"width: 46.2896%;height: 81px\">\n<tbody>\n<tr style=\"height: 27px\">\n<td style=\"height: 27px;width: 34.1037%\" width=\"189\"><span style=\"font-family: arial, helvetica, sans-serif;font-size: 14pt\">Distancia<\/span><\/td>\n<td style=\"height: 27px;width: 47.3466%\" width=\"189\"><span style=\"font-family: arial, helvetica, sans-serif;font-size: 14pt\">\u00a0 5,39 km<\/span><\/td>\n<\/tr>\n<tr style=\"height: 27px\">\n<td style=\"height: 27px;width: 34.1037%\" width=\"189\"><span style=\"font-family: arial, helvetica, sans-serif;font-size: 14pt\">Dificultad t\u00e9cnica<\/span><\/td>\n<td style=\"height: 27px;width: 47.3466%\" width=\"189\"><span style=\"font-family: arial, helvetica, sans-serif;font-size: 14pt\">Moderado<\/span><\/td>\n<\/tr>\n<tr style=\"height: 27px\">\n<td style=\"height: 27px;width: 34.1037%\" width=\"189\"><span style=\"font-family: arial, helvetica, sans-serif;font-size: 14pt\">Tipo de ruta<\/span><\/td>\n<td style=\"height: 27px;width: 47.3466%\" width=\"189\"><span style=\"font-family: arial, helvetica, sans-serif;font-size: 14pt\">Circular\u00a0\u00a0<\/span><\/td>\n<\/tr>\n<\/tbody>\n<\/table>\n<p><span style=\"font-family: arial, helvetica, sans-serif;font-size: 14pt\"><em>Para saber m\u00e1s detalles y ver m\u00e1s rutas de esta ruta pincha este enlace:<\/em><\/span><\/p>\n<p><a href=\"https:\/\/es.wikiloc.com\/rutas-senderismo\/pedroco-124549697\" target=\"_blank\" rel=\"noopener\">PULSA PARA VER RUTA WIKILOC<\/a><\/p>\n<p><span style=\"font-family: arial, helvetica, sans-serif;font-size: 14pt\"><em>\u00a0<\/em><\/span><span style=\"font-family: arial, helvetica, sans-serif;font-size: 14pt\"><em>\u00a0<\/em><\/span><span style=\"font-family: 'arial black', sans-serif;font-size: 14pt\"><strong>3. La Aguda- Ser\u00edn (concejo de Gij\u00f3n)<\/strong><\/span><\/p>\n<p><img loading=\"lazy\" decoding=\"async\" class=\"size-medium wp-image-1117 aligncenter\" src=\"http:\/\/edublog.educastur.es\/aulasverdes\/files\/2023\/03\/mosaico-3_redimensionar-300x300.jpg\" alt=\"\" width=\"300\" height=\"300\" \/><\/p>\n<table style=\"width: 36.796%\">\n<tbody>\n<tr>\n<td style=\"width: 50.7653%\" width=\"189\"><span style=\"font-family: arial, helvetica, sans-serif;font-size: 14pt\">Distancia<\/span><\/td>\n<td style=\"width: 47.1939%\" width=\"189\"><span style=\"font-family: arial, helvetica, sans-serif;font-size: 14pt\">\u00a013,03\u00a0 km<\/span><\/td>\n<\/tr>\n<tr>\n<td style=\"width: 50.7653%\" width=\"189\"><span style=\"font-family: arial, helvetica, sans-serif;font-size: 14pt\">Dificultad t\u00e9cnica<\/span><\/td>\n<td style=\"width: 47.1939%\" width=\"189\"><span style=\"font-family: arial, helvetica, sans-serif;font-size: 14pt\">Moderada<\/span><\/td>\n<\/tr>\n<tr>\n<td style=\"width: 50.7653%\" width=\"189\"><span style=\"font-family: arial, helvetica, sans-serif;font-size: 14pt\">Tipo de ruta<\/span><\/td>\n<td style=\"width: 47.1939%\" width=\"189\"><span style=\"font-family: arial, helvetica, sans-serif;font-size: 14pt\">IDA<\/span><\/td>\n<\/tr>\n<\/tbody>\n<\/table>\n<p><span style=\"font-family: arial, helvetica, sans-serif;font-size: 14pt\"><em>Para saber m\u00e1s detalles y ver m\u00e1s fotos sobre esta ruta pincha este enlace: <\/em><\/span><\/p>\n<p><a href=\"https:\/\/es.wikiloc.com\/rutas-senderismo\/la-aguda-serin-concejo-de-gijon-125126527\" target=\"_blank\" rel=\"noopener\">PULSA PARA VER RUTA WIKILOC<\/a><\/p>\n<p><span style=\"font-family: 'arial black', sans-serif;font-size: 14pt\">\u00a04 . Puente Buracos. Var\u00e9- Fontaciera II (concejo de <\/span><span style=\"font-family: 'arial black', sans-serif;font-size: 18.6667px\">Gij\u00f3n)<\/span><\/p>\n<p><img loading=\"lazy\" decoding=\"async\" class=\"size-medium wp-image-1118 aligncenter\" src=\"http:\/\/edublog.educastur.es\/aulasverdes\/files\/2023\/03\/mosaico-4_redimensionar-300x300.jpg\" alt=\"\" width=\"300\" height=\"300\" \/><\/p>\n<table>\n<tbody>\n<tr>\n<td width=\"189\"><span style=\"font-family: arial, helvetica, sans-serif;font-size: 14pt\">Distancia<\/span><\/td>\n<td width=\"189\"><span style=\"font-family: arial, helvetica, sans-serif;font-size: 14pt\">\u00a0 8,67 km<\/span><\/td>\n<\/tr>\n<tr>\n<td width=\"189\"><span style=\"font-family: arial, helvetica, sans-serif;font-size: 14pt\">Dificultad t\u00e9cnica<\/span><\/td>\n<td width=\"189\"><span style=\"font-family: arial, helvetica, sans-serif;font-size: 14pt\">Moderada<\/span><\/td>\n<\/tr>\n<tr>\n<td width=\"189\"><span style=\"font-family: arial, helvetica, sans-serif;font-size: 14pt\">Tipo de ruta<\/span><\/td>\n<td width=\"189\"><span style=\"font-family: arial, helvetica, sans-serif;font-size: 14pt\">IDA<\/span><\/td>\n<\/tr>\n<\/tbody>\n<\/table>\n<p><span style=\"font-family: arial, helvetica, sans-serif;font-size: 14pt\"><em>\u00a0<\/em><\/span><a href=\"https:\/\/es.wikiloc.com\/rutas-senderismo\/puentr-buracos-vare-fontaciera-ii-concejo-de-gijon-124022843\" target=\"_blank\" rel=\"noopener\">PULSA PARA VER RUTA WIKILOC<\/a><\/p>\n<p>&nbsp;<\/p>\n<p><span style=\"font-family: arial, helvetica, sans-serif;font-size: 14pt\">*<em>N<\/em><\/span><em style=\"font-family: arial, helvetica, sans-serif;font-size: 14pt\">ota: Las rutas propuestas pueden sufrir modificaciones de la que no somos responsables.<\/em><\/p>\n<p><span style=\"font-family: arial, helvetica, sans-serif;font-size: 14pt\"><em>Recordar adem\u00e1s que cuando salimos a caminar, es muy importante consultar la previsi\u00f3n meteorol\u00f3gica, ir con un calzado y ropa adecuada, seguir por la ruta trazada y llevarnos de vuelta todos nuestros residuos. <\/em><\/span><\/p>\n","protected":false},"excerpt":{"rendered":"<p>Nuestro compa\u00f1ero Luis y su familia hacen senderismo muchos findes de semana.\u00a0 Van en tren al lugar donde se inicia la ruta, de esta manera no cogen el coche y contaminan menos. Pensamos que esta es una manera de viajar muy respetuosa con nuestro planeta. \u00a1\u00a1Gracias por la eco-idea!!! Y gracias por compartir con nosotros [&hellip;]<\/p>\n","protected":false},"author":917,"featured_media":0,"comment_status":"open","ping_status":"open","sticky":false,"template":"","format":"standard","meta":{"footnotes":""},"categories":[11,15],"tags":[],"class_list":["post-1109","post","type-post","status-publish","format-standard","hentry","category-familias","category-rutas-senderismo"],"_links":{"self":[{"href":"https:\/\/edublog.educastur.es\/aulasverdes\/wp-json\/wp\/v2\/posts\/1109","targetHints":{"allow":["GET"]}}],"collection":[{"href":"https:\/\/edublog.educastur.es\/aulasverdes\/wp-json\/wp\/v2\/posts"}],"about":[{"href":"https:\/\/edublog.educastur.es\/aulasverdes\/wp-json\/wp\/v2\/types\/post"}],"author":[{"embeddable":true,"href":"https:\/\/edublog.educastur.es\/aulasverdes\/wp-json\/wp\/v2\/users\/917"}],"replies":[{"embeddable":true,"href":"https:\/\/edublog.educastur.es\/aulasverdes\/wp-json\/wp\/v2\/comments?post=1109"}],"version-history":[{"count":4,"href":"https:\/\/edublog.educastur.es\/aulasverdes\/wp-json\/wp\/v2\/posts\/1109\/revisions"}],"predecessor-version":[{"id":1120,"href":"https:\/\/edublog.educastur.es\/aulasverdes\/wp-json\/wp\/v2\/posts\/1109\/revisions\/1120"}],"wp:attachment":[{"href":"https:\/\/edublog.educastur.es\/aulasverdes\/wp-json\/wp\/v2\/media?parent=1109"}],"wp:term":[{"taxonomy":"category","embeddable":true,"href":"https:\/\/edublog.educastur.es\/aulasverdes\/wp-json\/wp\/v2\/categories?post=1109"},{"taxonomy":"post_tag","embeddable":true,"href":"https:\/\/edublog.educastur.es\/aulasverdes\/wp-json\/wp\/v2\/tags?post=1109"}],"curies":[{"name":"wp","href":"https:\/\/api.w.org\/{rel}","templated":true}]}}