{"id":1133,"date":"2023-03-21T11:37:02","date_gmt":"2023-03-21T11:37:02","guid":{"rendered":"https:\/\/edublog.educastur.es\/aulasverdes\/?p=1133"},"modified":"2023-04-19T12:22:18","modified_gmt":"2023-04-19T12:22:18","slug":"semana-climatica-del-20-al-14-de-marzo","status":"publish","type":"post","link":"https:\/\/edublog.educastur.es\/aulasverdes\/2023\/03\/21\/semana-climatica-del-20-al-14-de-marzo\/","title":{"rendered":"Semana clim\u00e1tica del 20 al 24 de marzo"},"content":{"rendered":"<p><span style=\"font-family: arial, helvetica, sans-serif;font-size: 14pt\"><img loading=\"lazy\" decoding=\"async\" class=\"aligncenter\" src=\"https:\/\/teachersforfuturespain.org\/wp-content\/uploads\/2022\/03\/Cartel-semana-clima-Tarjeta-de-visita.png\" width=\"560\" height=\"320\" \/>Esta semana hay varios d\u00edas especiales para la naturaleza.\u00a0<\/span><\/p>\n<p><span style=\"font-family: 'arial black', sans-serif;font-size: 14pt\">LUNES 20 ES EL D\u00cdA MUNDIAL SIN CARNE<\/span><\/p>\n<p><span style=\"font-family: 'arial black', sans-serif;font-size: 14pt\">MARTES 21 ES EL\u00a0 D\u00cdA MUNDIAL DE LOS BOSQUES<\/span><\/p>\n<p><span style=\"font-family: 'arial black', sans-serif;font-size: 14pt\">MIERCOLES 22 ES EL D\u00cdA DEL AGUA<\/span><\/p>\n<p><a href=\"https:\/\/view.genial.ly\/621f90c96c037200191626ac\/interactive-content-tablero-de-actividades-dia-del-agua\" target=\"_blank\" rel=\"noopener\">PULSA AQU\u00cd PARA VER LA PRESENTACI\u00d3N <\/a><\/p>\n<p><span style=\"font-family: 'arial black', sans-serif;font-size: 14pt\">JUEVES 23 ES EL D\u00cdA METEOROL\u00d3GICO MUNDIAL\u00a0<\/span><\/p>\n<p><span style=\"font-family: 'arial black', sans-serif;font-size: 14pt\">VIERNES 24 ES EL DIA MUNDIAL POR EL CLIMA<\/span><\/p>\n<p><span style=\"font-family: arial, helvetica, sans-serif\">En esta p\u00e1gina web pod\u00e9is ver acciones y videos de estos d\u00edas.<\/span><\/p>\n<p><a href=\"https:\/\/teachersforfuturespain.org\/semana-climatica-20-24-marzo\/\" target=\"_blank\" rel=\"noopener\">PULSA PARA VER LA PAGINA WEB<\/a><\/p>\n","protected":false},"excerpt":{"rendered":"<p>Esta semana hay varios d\u00edas especiales para la naturaleza.\u00a0 LUNES 20 ES EL D\u00cdA MUNDIAL SIN CARNE MARTES 21 ES EL\u00a0 D\u00cdA MUNDIAL DE LOS BOSQUES MIERCOLES 22 ES EL D\u00cdA DEL AGUA PULSA AQU\u00cd PARA VER LA PRESENTACI\u00d3N JUEVES 23 ES EL D\u00cdA METEOROL\u00d3GICO MUNDIAL\u00a0 VIERNES 24 ES EL DIA MUNDIAL POR EL CLIMA [&hellip;]<\/p>\n","protected":false},"author":917,"featured_media":0,"comment_status":"open","ping_status":"open","sticky":false,"template":"","format":"standard","meta":{"footnotes":""},"categories":[12,19],"tags":[],"class_list":["post-1133","post","type-post","status-publish","format-standard","hentry","category-dias-especiales","category-ods"],"_links":{"self":[{"href":"https:\/\/edublog.educastur.es\/aulasverdes\/wp-json\/wp\/v2\/posts\/1133","targetHints":{"allow":["GET"]}}],"collection":[{"href":"https:\/\/edublog.educastur.es\/aulasverdes\/wp-json\/wp\/v2\/posts"}],"about":[{"href":"https:\/\/edublog.educastur.es\/aulasverdes\/wp-json\/wp\/v2\/types\/post"}],"author":[{"embeddable":true,"href":"https:\/\/edublog.educastur.es\/aulasverdes\/wp-json\/wp\/v2\/users\/917"}],"replies":[{"embeddable":true,"href":"https:\/\/edublog.educastur.es\/aulasverdes\/wp-json\/wp\/v2\/comments?post=1133"}],"version-history":[{"count":4,"href":"https:\/\/edublog.educastur.es\/aulasverdes\/wp-json\/wp\/v2\/posts\/1133\/revisions"}],"predecessor-version":[{"id":1140,"href":"https:\/\/edublog.educastur.es\/aulasverdes\/wp-json\/wp\/v2\/posts\/1133\/revisions\/1140"}],"wp:attachment":[{"href":"https:\/\/edublog.educastur.es\/aulasverdes\/wp-json\/wp\/v2\/media?parent=1133"}],"wp:term":[{"taxonomy":"category","embeddable":true,"href":"https:\/\/edublog.educastur.es\/aulasverdes\/wp-json\/wp\/v2\/categories?post=1133"},{"taxonomy":"post_tag","embeddable":true,"href":"https:\/\/edublog.educastur.es\/aulasverdes\/wp-json\/wp\/v2\/tags?post=1133"}],"curies":[{"name":"wp","href":"https:\/\/api.w.org\/{rel}","templated":true}]}}