{"id":1270,"date":"2023-11-21T08:25:40","date_gmt":"2023-11-21T08:25:40","guid":{"rendered":"https:\/\/edublog.educastur.es\/aulasverdes\/?p=1270"},"modified":"2023-11-21T11:23:00","modified_gmt":"2023-11-21T11:23:00","slug":"preparando-el-amaguestu","status":"publish","type":"post","link":"https:\/\/edublog.educastur.es\/aulasverdes\/2023\/11\/21\/preparando-el-amaguestu\/","title":{"rendered":"PREPARANDO EL AMAG\u00dcESTU."},"content":{"rendered":"<p><span style=\"font-family: arial, helvetica, sans-serif;font-size: 14pt\">Somos el grupo <span style=\"font-family: 'arial black', sans-serif\">TVA-B<\/span> del cole de Castiello.<\/span><\/p>\n<p><span style=\"font-family: arial, helvetica, sans-serif;font-size: 14pt\">En octubre, celebramos la fiesta del <strong>Amag\u00fcestu<\/strong> y preparamos una montera picona con papel de peri\u00f3dico y hojas.<\/span><\/p>\n<p><span style=\"font-family: arial, helvetica, sans-serif;font-size: 14pt\">Os mandamos las fotos del d\u00eda que fuimos a recoger las hojas en nuestro patio, para luego dejar secar y\u00a0 hacer la montera picona.<\/span><\/p>\n<p><img loading=\"lazy\" decoding=\"async\" class=\"wp-image-1292 alignleft\" src=\"http:\/\/edublog.educastur.es\/aulasverdes\/files\/2023\/11\/20231017_111717-min-300x135.jpg\" alt=\"\" width=\"261\" height=\"117\" \/><\/p>\n<p><img loading=\"lazy\" decoding=\"async\" class=\"alignnone wp-image-1293 \" src=\"http:\/\/edublog.educastur.es\/aulasverdes\/files\/2023\/11\/20231017_104628-1-min-134x300.jpg\" alt=\"\" width=\"116\" height=\"260\" \/><\/p>\n","protected":false},"excerpt":{"rendered":"<p>Somos el grupo TVA-B del cole de Castiello. En octubre, celebramos la fiesta del Amag\u00fcestu y preparamos una montera picona con papel de peri\u00f3dico y hojas. Os mandamos las fotos del d\u00eda que fuimos a recoger las hojas en nuestro patio, para luego dejar secar y\u00a0 hacer la montera picona.<\/p>\n","protected":false},"author":917,"featured_media":0,"comment_status":"open","ping_status":"open","sticky":false,"template":"","format":"standard","meta":{"footnotes":""},"categories":[12],"tags":[],"class_list":["post-1270","post","type-post","status-publish","format-standard","hentry","category-dias-especiales"],"_links":{"self":[{"href":"https:\/\/edublog.educastur.es\/aulasverdes\/wp-json\/wp\/v2\/posts\/1270","targetHints":{"allow":["GET"]}}],"collection":[{"href":"https:\/\/edublog.educastur.es\/aulasverdes\/wp-json\/wp\/v2\/posts"}],"about":[{"href":"https:\/\/edublog.educastur.es\/aulasverdes\/wp-json\/wp\/v2\/types\/post"}],"author":[{"embeddable":true,"href":"https:\/\/edublog.educastur.es\/aulasverdes\/wp-json\/wp\/v2\/users\/917"}],"replies":[{"embeddable":true,"href":"https:\/\/edublog.educastur.es\/aulasverdes\/wp-json\/wp\/v2\/comments?post=1270"}],"version-history":[{"count":8,"href":"https:\/\/edublog.educastur.es\/aulasverdes\/wp-json\/wp\/v2\/posts\/1270\/revisions"}],"predecessor-version":[{"id":1302,"href":"https:\/\/edublog.educastur.es\/aulasverdes\/wp-json\/wp\/v2\/posts\/1270\/revisions\/1302"}],"wp:attachment":[{"href":"https:\/\/edublog.educastur.es\/aulasverdes\/wp-json\/wp\/v2\/media?parent=1270"}],"wp:term":[{"taxonomy":"category","embeddable":true,"href":"https:\/\/edublog.educastur.es\/aulasverdes\/wp-json\/wp\/v2\/categories?post=1270"},{"taxonomy":"post_tag","embeddable":true,"href":"https:\/\/edublog.educastur.es\/aulasverdes\/wp-json\/wp\/v2\/tags?post=1270"}],"curies":[{"name":"wp","href":"https:\/\/api.w.org\/{rel}","templated":true}]}}