{"id":1304,"date":"2023-12-01T13:24:43","date_gmt":"2023-12-01T13:24:43","guid":{"rendered":"https:\/\/edublog.educastur.es\/aulasverdes\/?p=1304"},"modified":"2023-12-01T13:25:11","modified_gmt":"2023-12-01T13:25:11","slug":"campana-de-navidad-2","status":"publish","type":"post","link":"https:\/\/edublog.educastur.es\/aulasverdes\/2023\/12\/01\/campana-de-navidad-2\/","title":{"rendered":"Campa\u00f1a de Navidad"},"content":{"rendered":"<p><img loading=\"lazy\" decoding=\"async\" class=\"wp-image-1306 aligncenter\" src=\"http:\/\/edublog.educastur.es\/aulasverdes\/files\/2023\/12\/Poster-\u00bfComo-cuidar-el-Medio-Ambiente-11-300x212.png\" alt=\"\" width=\"488\" height=\"345\" srcset=\"https:\/\/edublog.educastur.es\/aulasverdes\/files\/2023\/12\/Poster-\u00bfComo-cuidar-el-Medio-Ambiente-11-300x212.png 300w, https:\/\/edublog.educastur.es\/aulasverdes\/files\/2023\/12\/Poster-\u00bfComo-cuidar-el-Medio-Ambiente-11-1024x724.png 1024w, https:\/\/edublog.educastur.es\/aulasverdes\/files\/2023\/12\/Poster-\u00bfComo-cuidar-el-Medio-Ambiente-11-768x543.png 768w, https:\/\/edublog.educastur.es\/aulasverdes\/files\/2023\/12\/Poster-\u00bfComo-cuidar-el-Medio-Ambiente-11-1536x1086.png 1536w, https:\/\/edublog.educastur.es\/aulasverdes\/files\/2023\/12\/Poster-\u00bfComo-cuidar-el-Medio-Ambiente-11-2048x1448.png 2048w, https:\/\/edublog.educastur.es\/aulasverdes\/files\/2023\/12\/Poster-\u00bfComo-cuidar-el-Medio-Ambiente-11-1000x707.png 1000w, https:\/\/edublog.educastur.es\/aulasverdes\/files\/2023\/12\/Poster-\u00bfComo-cuidar-el-Medio-Ambiente-11-424x300.png 424w\" sizes=\"auto, (max-width: 488px) 100vw, 488px\" \/><span style=\"color: #000000;font-family: arial, helvetica, sans-serif;font-size: 12pt\">Os proponemos que todos y todas hag\u00e1is vuestros propios adornos navide\u00f1os. En esta foto os ense\u00f1amos los nuestros: <\/span><\/p>\n<p><img loading=\"lazy\" decoding=\"async\" class=\"size-medium wp-image-1307 aligncenter\" src=\"http:\/\/edublog.educastur.es\/aulasverdes\/files\/2023\/12\/ideas-navidad_redimensionar-300x300.jpg\" alt=\"\" width=\"300\" height=\"300\" srcset=\"https:\/\/edublog.educastur.es\/aulasverdes\/files\/2023\/12\/ideas-navidad_redimensionar-300x300.jpg 300w, https:\/\/edublog.educastur.es\/aulasverdes\/files\/2023\/12\/ideas-navidad_redimensionar-150x150.jpg 150w, https:\/\/edublog.educastur.es\/aulasverdes\/files\/2023\/12\/ideas-navidad_redimensionar-85x85.jpg 85w, https:\/\/edublog.educastur.es\/aulasverdes\/files\/2023\/12\/ideas-navidad_redimensionar.jpg 600w\" sizes=\"auto, (max-width: 300px) 100vw, 300px\" \/><\/p>\n<p><span style=\"color: #000000;font-family: arial, helvetica, sans-serif;font-size: 12pt\">Que est\u00e1n hechos con estos materiales: <strong>f<\/strong><\/span><strong><span style=\"font-family: arial, helvetica, sans-serif\"><span style=\"color: #000000;font-size: 12pt\">rutos, r<\/span><span style=\"color: #000000;font-size: 12pt\">ollos de papel higi\u00e9nico,<\/span><span style=\"color: #00ffff;font-size: 12pt\"><span style=\"color: #000000\">masa de pan,<\/span><\/span><span style=\"color: #00ffff;font-size: 12pt\"><span style=\"color: #000000\"> pajitas de colores, <\/span><\/span><span style=\"color: #00ffff\"><span style=\"font-size: 14pt;color: #000000\">t<span style=\"font-size: 12pt\">apones de envases, <\/span><\/span><\/span><span style=\"font-size: 12pt\">corchos, tela, <\/span><span style=\"font-size: 12pt\">capsulas de caf\u00e9,<\/span><span style=\"font-size: 12pt\">hojas, <\/span><span style=\"font-size: 12pt\">pasta de papel, <\/span><span style=\"font-size: 12pt\">palos de m\u00e9dico de\u00a0 colores&#8230;<\/span><\/span><\/strong><\/p>\n<p><span style=\"font-family: arial black, sans-serif;color: #800080\">Esperemos que os hayan gustado nuestros adornos navide\u00f1os, y os anim\u00e9is a hacer m\u00e1s con cosas de la naturaleza o material reciclado. Y\u00a0 los ense\u00f1\u00e9is en el centro.\u00a0\u00a0<\/span><\/p>\n","protected":false},"excerpt":{"rendered":"<p>Os proponemos que todos y todas hag\u00e1is vuestros propios adornos navide\u00f1os. En esta foto os ense\u00f1amos los nuestros: Que est\u00e1n hechos con estos materiales: frutos, rollos de papel higi\u00e9nico,masa de pan, pajitas de colores, tapones de envases, corchos, tela, capsulas de caf\u00e9,hojas, pasta de papel, palos de m\u00e9dico de\u00a0 colores&#8230; Esperemos que os hayan gustado [&hellip;]<\/p>\n","protected":false},"author":917,"featured_media":0,"comment_status":"open","ping_status":"open","sticky":false,"template":"","format":"standard","meta":{"footnotes":""},"categories":[12,14],"tags":[],"class_list":["post-1304","post","type-post","status-publish","format-standard","hentry","category-dias-especiales","category-noticias"],"_links":{"self":[{"href":"https:\/\/edublog.educastur.es\/aulasverdes\/wp-json\/wp\/v2\/posts\/1304","targetHints":{"allow":["GET"]}}],"collection":[{"href":"https:\/\/edublog.educastur.es\/aulasverdes\/wp-json\/wp\/v2\/posts"}],"about":[{"href":"https:\/\/edublog.educastur.es\/aulasverdes\/wp-json\/wp\/v2\/types\/post"}],"author":[{"embeddable":true,"href":"https:\/\/edublog.educastur.es\/aulasverdes\/wp-json\/wp\/v2\/users\/917"}],"replies":[{"embeddable":true,"href":"https:\/\/edublog.educastur.es\/aulasverdes\/wp-json\/wp\/v2\/comments?post=1304"}],"version-history":[{"count":4,"href":"https:\/\/edublog.educastur.es\/aulasverdes\/wp-json\/wp\/v2\/posts\/1304\/revisions"}],"predecessor-version":[{"id":1310,"href":"https:\/\/edublog.educastur.es\/aulasverdes\/wp-json\/wp\/v2\/posts\/1304\/revisions\/1310"}],"wp:attachment":[{"href":"https:\/\/edublog.educastur.es\/aulasverdes\/wp-json\/wp\/v2\/media?parent=1304"}],"wp:term":[{"taxonomy":"category","embeddable":true,"href":"https:\/\/edublog.educastur.es\/aulasverdes\/wp-json\/wp\/v2\/categories?post=1304"},{"taxonomy":"post_tag","embeddable":true,"href":"https:\/\/edublog.educastur.es\/aulasverdes\/wp-json\/wp\/v2\/tags?post=1304"}],"curies":[{"name":"wp","href":"https:\/\/api.w.org\/{rel}","templated":true}]}}