{"id":1314,"date":"2024-01-31T21:20:12","date_gmt":"2024-01-31T21:20:12","guid":{"rendered":"https:\/\/edublog.educastur.es\/aulasverdes\/?p=1314"},"modified":"2024-01-31T21:23:31","modified_gmt":"2024-01-31T21:23:31","slug":"bienvenido-2024","status":"publish","type":"post","link":"https:\/\/edublog.educastur.es\/aulasverdes\/2024\/01\/31\/bienvenido-2024\/","title":{"rendered":"\u00a1\u00a1BIENVENIDO 2024!!"},"content":{"rendered":"<p style=\"text-align: center\"><span style=\"font-family: 'arial black', sans-serif;font-size: 14pt\">Nos gustar\u00eda desearos nuestros mejores eco-deseos para este nuevo a\u00f1o 2024.<\/span><\/p>\n<p><span style=\"font-family: arial, helvetica, sans-serif;font-size: 12pt\">Nos gustar\u00eda contaros que el pasado martes <strong>14 de enero<\/strong> certificamos los retos del primer trimestre del 2023 en nuestro colegio. Estos retos son actividades que tienen que hacer las clases que quieren ser certificadas al final de curso como <span style=\"font-family: 'arial black', sans-serif\"><strong><span style=\"color: #339966\">AULA VERDE.\u00a0<\/span><\/strong><\/span><\/span><\/p>\n<p><span style=\"font-family: arial, helvetica, sans-serif;font-size: 12pt\">En esta ocasi\u00f3n, mas de <strong>20 clases<\/strong> han participado haciendo los retos para ser aulas verdes.\u00a0<\/span><\/p>\n<p><span style=\"font-family: arial, helvetica, sans-serif;font-size: 12pt\">Os ense\u00f1amos las fotos, esperamos que os gusten.\u00a0<\/span><\/p>\n<p><a href=\"https:\/\/www.canva.com\/design\/DAF7fEuYBbQ\/FtsTFX7Up-iXPfVb8C-lcw\/edit?utm_content=DAF7fEuYBbQ&amp;utm_campaign=designshare&amp;utm_medium=link2&amp;utm_source=sharebutton\" target=\"_blank\" rel=\"noopener\">PULSA PARA VER LAS FOTOS<\/a><\/p>\n<p><span style=\"font-family: arial, helvetica, sans-serif;font-size: 12pt\">Como novedad este curso hay otros 5 centros que est\u00e1n haciendo estos retos, os animamos a todos con los nuevos retos!!<\/span><\/p>\n<p><span style=\"font-family: arial, helvetica, sans-serif;font-size: 12pt\">En esta imagen os ense\u00f1amos los nuevos retos a los que nos tendremos que enfrentar, acordaros que siempre son todos <span style=\"font-family: 'arial black', sans-serif;color: #339966\">EN, CON O PARA LA NATURALEZA.\u00a0<\/span><\/span><\/p>\n<p><img loading=\"lazy\" decoding=\"async\" class=\" wp-image-1317 aligncenter\" src=\"http:\/\/edublog.educastur.es\/aulasverdes\/files\/2024\/01\/002_PRIMERTRIMESTRECopiaCopia-300x169.jpg\" alt=\"\" width=\"380\" height=\"214\" srcset=\"https:\/\/edublog.educastur.es\/aulasverdes\/files\/2024\/01\/002_PRIMERTRIMESTRECopiaCopia-300x169.jpg 300w, https:\/\/edublog.educastur.es\/aulasverdes\/files\/2024\/01\/002_PRIMERTRIMESTRECopiaCopia-1024x576.jpg 1024w, https:\/\/edublog.educastur.es\/aulasverdes\/files\/2024\/01\/002_PRIMERTRIMESTRECopiaCopia-768x432.jpg 768w, https:\/\/edublog.educastur.es\/aulasverdes\/files\/2024\/01\/002_PRIMERTRIMESTRECopiaCopia-1536x864.jpg 1536w, https:\/\/edublog.educastur.es\/aulasverdes\/files\/2024\/01\/002_PRIMERTRIMESTRECopiaCopia-2048x1152.jpg 2048w, https:\/\/edublog.educastur.es\/aulasverdes\/files\/2024\/01\/002_PRIMERTRIMESTRECopiaCopia-1000x563.jpg 1000w, https:\/\/edublog.educastur.es\/aulasverdes\/files\/2024\/01\/002_PRIMERTRIMESTRECopiaCopia-533x300.jpg 533w\" sizes=\"auto, (max-width: 380px) 100vw, 380px\" \/><\/p>\n<p><span style=\"font-family: 'arial black', sans-serif\">Os animamos que compart\u00e1is con nosotros vuestras experiencias con los retos, y que escrib\u00e1is en comentarios alguna de estas preguntas:<\/span><\/p>\n<ul>\n<li><span style=\"font-family: arial, helvetica, sans-serif\">\u00bfQu\u00e9 reto os ha gustado m\u00e1s?<\/span><\/li>\n<li><span style=\"font-family: arial, helvetica, sans-serif\">\u00bfQu\u00e9 reto es el \u00faltimo que hicisteis?<\/span><\/li>\n<li><span style=\"font-family: arial, helvetica, sans-serif\">Cu\u00e9ntanos si certific\u00e1is a otros centros.\u00a0<\/span><\/li>\n<li><span style=\"font-family: arial, helvetica, sans-serif\">\u00bfQu\u00e9 os parece la idea ??<\/span><\/li>\n<\/ul>\n","protected":false},"excerpt":{"rendered":"<p>Nos gustar\u00eda desearos nuestros mejores eco-deseos para este nuevo a\u00f1o 2024. Nos gustar\u00eda contaros que el pasado martes 14 de enero certificamos los retos del primer trimestre del 2023 en nuestro colegio. Estos retos son actividades que tienen que hacer las clases que quieren ser certificadas al final de curso como AULA VERDE.\u00a0 En esta [&hellip;]<\/p>\n","protected":false},"author":917,"featured_media":812,"comment_status":"open","ping_status":"open","sticky":false,"template":"","format":"standard","meta":{"footnotes":""},"categories":[14],"tags":[],"class_list":["post-1314","post","type-post","status-publish","format-standard","has-post-thumbnail","hentry","category-noticias"],"_links":{"self":[{"href":"https:\/\/edublog.educastur.es\/aulasverdes\/wp-json\/wp\/v2\/posts\/1314","targetHints":{"allow":["GET"]}}],"collection":[{"href":"https:\/\/edublog.educastur.es\/aulasverdes\/wp-json\/wp\/v2\/posts"}],"about":[{"href":"https:\/\/edublog.educastur.es\/aulasverdes\/wp-json\/wp\/v2\/types\/post"}],"author":[{"embeddable":true,"href":"https:\/\/edublog.educastur.es\/aulasverdes\/wp-json\/wp\/v2\/users\/917"}],"replies":[{"embeddable":true,"href":"https:\/\/edublog.educastur.es\/aulasverdes\/wp-json\/wp\/v2\/comments?post=1314"}],"version-history":[{"count":7,"href":"https:\/\/edublog.educastur.es\/aulasverdes\/wp-json\/wp\/v2\/posts\/1314\/revisions"}],"predecessor-version":[{"id":1323,"href":"https:\/\/edublog.educastur.es\/aulasverdes\/wp-json\/wp\/v2\/posts\/1314\/revisions\/1323"}],"wp:featuredmedia":[{"embeddable":true,"href":"https:\/\/edublog.educastur.es\/aulasverdes\/wp-json\/wp\/v2\/media\/812"}],"wp:attachment":[{"href":"https:\/\/edublog.educastur.es\/aulasverdes\/wp-json\/wp\/v2\/media?parent=1314"}],"wp:term":[{"taxonomy":"category","embeddable":true,"href":"https:\/\/edublog.educastur.es\/aulasverdes\/wp-json\/wp\/v2\/categories?post=1314"},{"taxonomy":"post_tag","embeddable":true,"href":"https:\/\/edublog.educastur.es\/aulasverdes\/wp-json\/wp\/v2\/tags?post=1314"}],"curies":[{"name":"wp","href":"https:\/\/api.w.org\/{rel}","templated":true}]}}