{"id":1324,"date":"2024-02-27T09:00:41","date_gmt":"2024-02-27T09:00:41","guid":{"rendered":"https:\/\/edublog.educastur.es\/aulasverdes\/?p=1324"},"modified":"2024-02-26T22:01:01","modified_gmt":"2024-02-26T22:01:01","slug":"nuestros-huertos-antes-y-ahora","status":"publish","type":"post","link":"https:\/\/edublog.educastur.es\/aulasverdes\/2024\/02\/27\/nuestros-huertos-antes-y-ahora\/","title":{"rendered":"NUESTROS HUERTOS ANTES Y AHORA"},"content":{"rendered":"<p><span style=\"font-family: arial, helvetica, sans-serif\">En nuestro cole hemos trabajado much\u00edsimo, estas son algunas de las tareas m\u00e1s importantes que hemos hecho:\u00a0<\/span><\/p>\n<ul>\n<li><span style=\"font-family: arial, helvetica, sans-serif\"><strong><span style=\"font-size: 12pt\">QUITAR LOS CULTIVOS ANTERIORES<\/span><\/strong><\/span><\/li>\n<li><span style=\"font-family: arial, helvetica, sans-serif\"><strong><span style=\"font-size: 12pt\">QUITAR MALAS HIERBAS<\/span><\/strong><\/span><\/li>\n<li><span style=\"font-family: arial, helvetica, sans-serif\"><strong><span style=\"font-size: 12pt\">PREPARAR EL TERRENO<\/span><\/strong><\/span><\/li>\n<li><span style=\"font-family: arial, helvetica, sans-serif\"><strong><span style=\"font-size: 12pt\">PLANTAR Y SEMBRAR<\/span><\/strong><\/span><\/li>\n<li><span style=\"font-family: arial, helvetica, sans-serif\"><strong><span style=\"font-size: 12pt\">CUIDAR LAS PLANTAS<\/span><\/strong><\/span><\/li>\n<\/ul>\n<p><span style=\"font-family: arial, helvetica, sans-serif;font-size: 12pt\">Gracias a todo esto nuestros huertos ya no son una selva, como antes. Y est\u00e1n m\u00e1s limpios. La pr\u00f3xima semana venderemos: limones, espinacas y lechugas en el primer mercadillo de La cooperativa Plantiello. Ya os contaremos como nos fue. Pr\u00f3ximamente plantaremos fresas<\/span><\/p>\n<p><span style=\"font-family: 'arial black', sans-serif;font-size: 12pt\">OS VAMOS\u00a0 A ENSE\u00d1AR COMO ESTABAN NUESTROS HUERTOS EN SEPTIEMBRE Y COMO EST\u00c1N AHORA EN FEBRERO.<\/span><\/p>\n<p><a href=\"https:\/\/educastur-my.sharepoint.com\/:v:\/g\/personal\/isabelmsa_educastur_org\/EeFe_eFtMVxPksXe3Lt2fn0BquLHPSbMu8qJ3M-yKkjDjw?e=zBeQsP&amp;nav=eyJyZWZlcnJhbEluZm8iOnsicmVmZXJyYWxBcHAiOiJTdHJlYW1XZWJBcHAiLCJyZWZlcnJhbFZpZXciOiJTaGFyZURpYWxvZy1MaW5rIiwicmVmZXJyYWxBcHBQbGF0Zm9ybSI6IldlYiIsInJlZmVycmFsTW9kZSI6InZpZXcifX0%3D\" target=\"_blank\" rel=\"noopener\">PULSA PARA ACCEDER PRESENTACI\u00d3N<\/a><\/p>\n<p><span style=\"font-family: 'arial black', sans-serif;font-size: 12pt;color: #339966\">\u00bf TE GUSTA TRABAJAR EN EL HUERTO?<\/span><\/p>\n<p><span style=\"font-family: 'arial black', sans-serif;font-size: 12pt;color: #339966\">\u00a1A NOSOTROS NOS ENCANTA!<\/span><\/p>\n<p>&nbsp;<\/p>\n<p>[https:\/\/educastur-my.sharepoint.com\/personal\/isabelmsa_educastur_org\/_layouts\/15\/embed.aspx?UniqueId=e1fd5ee1-316d-4f5c-92c5-dedcbb767e7d&amp;embed=%7B%22ust%22%3Atrue%2C%22hv%22%3A%22CopyEmbedCode%22%7D&amp;referrer=StreamWebApp&amp;referrerScenario=EmbedDialog.Create\u00bb width=\u00bb100%\u00bb height=\u00bb100%]<\/p>\n","protected":false},"excerpt":{"rendered":"<p>En nuestro cole hemos trabajado much\u00edsimo, estas son algunas de las tareas m\u00e1s importantes que hemos hecho:\u00a0 QUITAR LOS CULTIVOS ANTERIORES QUITAR MALAS HIERBAS PREPARAR EL TERRENO PLANTAR Y SEMBRAR CUIDAR LAS PLANTAS Gracias a todo esto nuestros huertos ya no son una selva, como antes. Y est\u00e1n m\u00e1s limpios. La pr\u00f3xima semana venderemos: limones, [&hellip;]<\/p>\n","protected":false},"author":917,"featured_media":601,"comment_status":"open","ping_status":"open","sticky":false,"template":"","format":"standard","meta":{"footnotes":""},"categories":[7],"tags":[],"class_list":["post-1324","post","type-post","status-publish","format-standard","has-post-thumbnail","hentry","category-huerto"],"_links":{"self":[{"href":"https:\/\/edublog.educastur.es\/aulasverdes\/wp-json\/wp\/v2\/posts\/1324","targetHints":{"allow":["GET"]}}],"collection":[{"href":"https:\/\/edublog.educastur.es\/aulasverdes\/wp-json\/wp\/v2\/posts"}],"about":[{"href":"https:\/\/edublog.educastur.es\/aulasverdes\/wp-json\/wp\/v2\/types\/post"}],"author":[{"embeddable":true,"href":"https:\/\/edublog.educastur.es\/aulasverdes\/wp-json\/wp\/v2\/users\/917"}],"replies":[{"embeddable":true,"href":"https:\/\/edublog.educastur.es\/aulasverdes\/wp-json\/wp\/v2\/comments?post=1324"}],"version-history":[{"count":8,"href":"https:\/\/edublog.educastur.es\/aulasverdes\/wp-json\/wp\/v2\/posts\/1324\/revisions"}],"predecessor-version":[{"id":1374,"href":"https:\/\/edublog.educastur.es\/aulasverdes\/wp-json\/wp\/v2\/posts\/1324\/revisions\/1374"}],"wp:featuredmedia":[{"embeddable":true,"href":"https:\/\/edublog.educastur.es\/aulasverdes\/wp-json\/wp\/v2\/media\/601"}],"wp:attachment":[{"href":"https:\/\/edublog.educastur.es\/aulasverdes\/wp-json\/wp\/v2\/media?parent=1324"}],"wp:term":[{"taxonomy":"category","embeddable":true,"href":"https:\/\/edublog.educastur.es\/aulasverdes\/wp-json\/wp\/v2\/categories?post=1324"},{"taxonomy":"post_tag","embeddable":true,"href":"https:\/\/edublog.educastur.es\/aulasverdes\/wp-json\/wp\/v2\/tags?post=1324"}],"curies":[{"name":"wp","href":"https:\/\/api.w.org\/{rel}","templated":true}]}}