{"id":1381,"date":"2024-02-29T16:05:26","date_gmt":"2024-02-29T16:05:26","guid":{"rendered":"https:\/\/edublog.educastur.es\/aulasverdes\/?p=1381"},"modified":"2024-03-01T07:33:42","modified_gmt":"2024-03-01T07:33:42","slug":"dia-29-febrero-un-dia-muy-especial","status":"publish","type":"post","link":"https:\/\/edublog.educastur.es\/aulasverdes\/2024\/02\/29\/dia-29-febrero-un-dia-muy-especial\/","title":{"rendered":"D\u00cdA 29 FEBRERO&#8230; UN D\u00cdA MUY ESPECIAL"},"content":{"rendered":"<p><span style=\"font-family: arial, helvetica, sans-serif;font-size: 12pt\"><span style=\"color: #000000\">Hoy es un d\u00eda \u00fanico en nuestro calendario, porque hoy es un a\u00f1o<\/span> <span style=\"color: #ff6600\">bisiesto.<\/span><\/span><\/p>\n<p><span style=\"font-family: 'arial black', sans-serif\">\u00bfSabes por qu\u00e9?<\/span><\/p>\n<p><span style=\"font-family: arial, helvetica, sans-serif;color: #000000\">Un a\u00f1o dura 365 d\u00edas, el tiempo que tarda la tierra en dar la vuelta al sol, pero en realidad tarda m\u00e1s: <strong><span style=\"color: #ff6600\">365 d\u00edas + 6 horas<\/span>.<\/strong> Para ajustar el calendario necesitamos un d\u00eda m\u00e1s cada 4 a\u00f1os, porque 6 horas de m\u00e1s (cada a\u00f1o)\u00a0 x 4 (a\u00f1os) =24 horas (un d\u00eda), y ese d\u00eda es hoy el <strong>29 de Febrero.\u00a0<\/strong><\/span><\/p>\n<p><span style=\"font-family: arial, helvetica, sans-serif;color: #000000\">Adem\u00e1s en este fecha tan especial, se conmemora un d\u00eda muy importante para muchas personas:<\/span><\/p>\n<p><span style=\"font-family: arial, helvetica, sans-serif\"><img loading=\"lazy\" decoding=\"async\" class=\"size-medium wp-image-1384 aligncenter\" src=\"http:\/\/edublog.educastur.es\/aulasverdes\/files\/2024\/02\/IMG-20240229-WA0003-min-300x198.jpg\" alt=\"\" width=\"300\" height=\"198\" srcset=\"https:\/\/edublog.educastur.es\/aulasverdes\/files\/2024\/02\/IMG-20240229-WA0003-min-300x198.jpg 300w, https:\/\/edublog.educastur.es\/aulasverdes\/files\/2024\/02\/IMG-20240229-WA0003-min-456x300.jpg 456w, https:\/\/edublog.educastur.es\/aulasverdes\/files\/2024\/02\/IMG-20240229-WA0003-min.jpg 720w\" sizes=\"auto, (max-width: 300px) 100vw, 300px\" \/><span style=\"color: #000000\">Las <strong>enfermedades raras: <\/strong>afectan a muy poquitas personas de nuestra poblaci\u00f3n. Os vamos a explicar con este <a style=\"color: #000000\" href=\"https:\/\/youtu.be\/pf6xjN2OxE4?si=v8XfDviLS_Z_3_2Y\">cuento<\/a> que son las enfermedades raras:<\/span><\/span><\/p>\n\n<!-- iframe plugin v.6.0 wordpress.org\/plugins\/iframe\/ -->\n<iframe loading=\"lazy\" width=\"100%\" height=\"315\" src=\"https:\/\/www.youtube.com\/embed\/pf6xjN2OxE4?si=xY_heIlgbqaPhqNr\" scrolling=\"yes\" class=\"iframe-class\" frameborder=\"0\"><\/iframe>\n\n<p><span style=\"color: #000000\"><span style=\"font-family: arial, helvetica, sans-serif\">Nos gustar\u00eda recordar que es<\/span><span style=\"font-family: arial, helvetica, sans-serif\">\u00a0necesario y muy importante:\u00a0<\/span><\/span><\/p>\n<ul>\n<li><span style=\"font-family: 'arial black', sans-serif;color: #3366ff\">Investigar m\u00e1s sobre estas enfermedades.\u00a0<\/span><\/li>\n<li><span style=\"font-family: 'arial black', sans-serif;color: #3366ff\">Tener un acceso a un tratamiento especifico<\/span><\/li>\n<li><span style=\"font-family: 'arial black', sans-serif\"><span style=\"color: #3366ff\">Ser sensibles a los retos a los que estas personas y sus familias se enfrentan cada d\u00eda.<\/span> <img loading=\"lazy\" decoding=\"async\" class=\" wp-image-1382 aligncenter\" src=\"http:\/\/edublog.educastur.es\/aulasverdes\/files\/2024\/02\/IMG-20240229-WA0001-min-300x235.jpg\" alt=\"\" width=\"333\" height=\"261\" srcset=\"https:\/\/edublog.educastur.es\/aulasverdes\/files\/2024\/02\/IMG-20240229-WA0001-min-300x235.jpg 300w, https:\/\/edublog.educastur.es\/aulasverdes\/files\/2024\/02\/IMG-20240229-WA0001-min-384x300.jpg 384w, https:\/\/edublog.educastur.es\/aulasverdes\/files\/2024\/02\/IMG-20240229-WA0001-min.jpg 720w\" sizes=\"auto, (max-width: 333px) 100vw, 333px\" \/><\/span><\/li>\n<\/ul>\n<p><span style=\"font-family: arial, helvetica, sans-serif;color: #000000\">Nuestro homenaje de hoy es para la asociaci\u00f3n<\/span> <span style=\"font-family: 'arial black', sans-serif;color: #ff6600\">ATESOFAGO y LA SONRISA DE LA GUERRERA.\u00a0<\/span><\/p>\n\n<!-- iframe plugin v.6.0 wordpress.org\/plugins\/iframe\/ -->\n<iframe loading=\"lazy\" width=\"100%\" height=\"450\" src=\"https:\/\/www.youtube.com\/embed\/cahdpZSmbyc?si=wElszfAbyAnWV-LW\" scrolling=\"yes\" class=\"iframe-class\" frameborder=\"0\"><\/iframe>\n\n<p><a href=\"https:\/\/youtu.be\/cahdpZSmbyc?si=L-M9-bdUpMAufeQB\" target=\"_blank\" rel=\"noopener\">PULSA PARA VER EL VIDEO<\/a><\/p>\n<p><span style=\"font-family: arial, helvetica, sans-serif;color: #000000\">Para mas informaci\u00f3n:<\/span><\/p>\n<p><span style=\"font-family: arial, helvetica, sans-serif\"><a href=\"http:\/\/atesofago.org\/contacto\" target=\"_blank\" rel=\"noopener\">Pagina web Asociaci\u00f3n Atesofago<\/a><\/span><\/p>\n<p><span style=\"font-family: arial, helvetica, sans-serif\"><a href=\"https:\/\/www.instagram.com\/lasonrisadelaguerrera\/\" target=\"_blank\" rel=\"noopener\">Instagram La Sonrisa de la Guerrera<\/a><\/span><\/p>\n","protected":false},"excerpt":{"rendered":"<p>Hoy es un d\u00eda \u00fanico en nuestro calendario, porque hoy es un a\u00f1o bisiesto. \u00bfSabes por qu\u00e9? Un a\u00f1o dura 365 d\u00edas, el tiempo que tarda la tierra en dar la vuelta al sol, pero en realidad tarda m\u00e1s: 365 d\u00edas + 6 horas. Para ajustar el calendario necesitamos un d\u00eda m\u00e1s cada 4 a\u00f1os, [&hellip;]<\/p>\n","protected":false},"author":917,"featured_media":1383,"comment_status":"open","ping_status":"open","sticky":false,"template":"","format":"standard","meta":{"footnotes":""},"categories":[12],"tags":[],"class_list":["post-1381","post","type-post","status-publish","format-standard","has-post-thumbnail","hentry","category-dias-especiales"],"_links":{"self":[{"href":"https:\/\/edublog.educastur.es\/aulasverdes\/wp-json\/wp\/v2\/posts\/1381","targetHints":{"allow":["GET"]}}],"collection":[{"href":"https:\/\/edublog.educastur.es\/aulasverdes\/wp-json\/wp\/v2\/posts"}],"about":[{"href":"https:\/\/edublog.educastur.es\/aulasverdes\/wp-json\/wp\/v2\/types\/post"}],"author":[{"embeddable":true,"href":"https:\/\/edublog.educastur.es\/aulasverdes\/wp-json\/wp\/v2\/users\/917"}],"replies":[{"embeddable":true,"href":"https:\/\/edublog.educastur.es\/aulasverdes\/wp-json\/wp\/v2\/comments?post=1381"}],"version-history":[{"count":20,"href":"https:\/\/edublog.educastur.es\/aulasverdes\/wp-json\/wp\/v2\/posts\/1381\/revisions"}],"predecessor-version":[{"id":1405,"href":"https:\/\/edublog.educastur.es\/aulasverdes\/wp-json\/wp\/v2\/posts\/1381\/revisions\/1405"}],"wp:featuredmedia":[{"embeddable":true,"href":"https:\/\/edublog.educastur.es\/aulasverdes\/wp-json\/wp\/v2\/media\/1383"}],"wp:attachment":[{"href":"https:\/\/edublog.educastur.es\/aulasverdes\/wp-json\/wp\/v2\/media?parent=1381"}],"wp:term":[{"taxonomy":"category","embeddable":true,"href":"https:\/\/edublog.educastur.es\/aulasverdes\/wp-json\/wp\/v2\/categories?post=1381"},{"taxonomy":"post_tag","embeddable":true,"href":"https:\/\/edublog.educastur.es\/aulasverdes\/wp-json\/wp\/v2\/tags?post=1381"}],"curies":[{"name":"wp","href":"https:\/\/api.w.org\/{rel}","templated":true}]}}