{"id":1428,"date":"2024-03-19T20:59:50","date_gmt":"2024-03-19T20:59:50","guid":{"rendered":"https:\/\/edublog.educastur.es\/aulasverdes\/?p=1428"},"modified":"2024-03-19T20:59:50","modified_gmt":"2024-03-19T20:59:50","slug":"semana-climatica","status":"publish","type":"post","link":"https:\/\/edublog.educastur.es\/aulasverdes\/2024\/03\/19\/semana-climatica\/","title":{"rendered":"Semana Clim\u00e1tica"},"content":{"rendered":"<p><span style=\"font-family: 'arial black', sans-serif\">Del 21 al 27 de marzo coinciden varios d\u00edas importantes para la defensa del medioambiente:\u00a0<\/span><\/p>\n<ul style=\"list-style-type: circle\">\n<li><span style=\"color: #008000\"><strong><span style=\"font-family: 'comic sans ms', sans-serif\">D\u00cdA 20: DIA MUNDIAL SIN CARNE<\/span><\/strong><\/span><\/li>\n<li><span style=\"color: #008000\"><strong><span style=\"font-family: 'comic sans ms', sans-serif\">D\u00cdA 21: DIA DE LOS BOSQUES<\/span><\/strong><\/span><\/li>\n<li><span style=\"color: #008000\"><strong><span style=\"font-family: 'comic sans ms', sans-serif\">D\u00cdA 22: D\u00cdA DEL AGUA<\/span><\/strong><\/span><\/li>\n<li><span style=\"color: #008000\"><strong><span style=\"font-family: 'comic sans ms', sans-serif\">DIA 23: DIA METEOROLOGICO MUNDIAL\u00a0<\/span><\/strong><\/span><\/li>\n<li><strong><span style=\"font-family: 'comic sans ms', sans-serif;color: #008000\">D\u00cdA 26: D\u00cdA MUNDIAL DEL CLIMA<\/span><\/strong><\/li>\n<\/ul>\n<p style=\"text-align: center\"><span style=\"font-family: arial, helvetica, sans-serif;color: #ff0000\"><span style=\"font-family: 'arial black', sans-serif\">\u00bfSabes por que es importante la defensa del medioambiente?<\/span><\/span><\/p>\n<p><span style=\"font-family: arial, helvetica, sans-serif\">Porque actualmente estamos viviendo en nuestro planeta en una crisis clim\u00e1tica.<\/span><\/p>\n<p><img loading=\"lazy\" decoding=\"async\" class=\"aligncenter wp-image-1435 size-medium\" title=\"Imagen creada con la herramienta COPILOT\" src=\"http:\/\/edublog.educastur.es\/aulasverdes\/files\/2024\/03\/5ad8b39e-b998-4c05-b111-370df06ca697-300x300.jpg\" alt=\"\" width=\"300\" height=\"300\" \/><\/p>\n<p style=\"text-align: center\"><span style=\"font-family: 'arial black', sans-serif;color: #ff0000\">\u00bfQu\u00e9 significa una crisis clim\u00e1tica?<\/span><\/p>\n<p><span style=\"font-family: arial, helvetica, sans-serif\">\u00abTodas las personas vivimos en la Tierra, que es como una gran casa. Pero estamos haciendo cosas que la est\u00e1n ensuciando y volviendo un poco inc\u00f3moda para vivir. Quemamos muchos combustibles que hacen que la Tierra se caliente m\u00e1s de lo normal. Esto causa problemas como el derretimiento de los hielos y tormentas m\u00e1s fuertes. Pero todos podemos ayudar. Podemos usar menos energ\u00eda, reciclar y cuidar la Tierra. As\u00ed podemos hacer que sea un lugar m\u00e1s limpio y feliz para vivir.\u00bb<\/span><\/p>\n\n<!-- iframe plugin v.6.0 wordpress.org\/plugins\/iframe\/ -->\n<iframe loading=\"lazy\" width=\"500%\" height=\"500%\" src=\"https:\/\/www.youtube.com\/embed\/Uo0a3U2RN6U?si=sp5eosB_s4sqfvhJ\" title=\"YouTube video player\" frameborder=\"0\" 0=\"allow=&quot;\" scrolling=\"yes\" class=\"iframe-class\"><\/iframe>\n\n<p style=\"text-align: center\"><span style=\"font-family: 'arial black', sans-serif;color: #ff0000\">5 ACCIONES PARA AYUDAR A NUESTRO PLANETA<\/span><\/p>\n<ol>\n<li><span style=\"font-family: arial, helvetica, sans-serif\"><strong>Usar menos energ\u00eda:<\/strong> Apagar las luces cuando no las necesitamos y desenchufar los aparatos electr\u00f3nicos cuando no los estamos usando. As\u00ed, no gastamos tanta energ\u00eda y ayudamos al planeta.<\/span><\/li>\n<li><span style=\"font-family: arial, helvetica, sans-serif\"><strong>Reciclar:<\/strong> Separar los diferentes tipos de basura, como el papel, el pl\u00e1stico y el vidrio, para que puedan ser reutilizados en lugar de terminar en la basura. As\u00ed, ayudamos a reducir la cantidad de basura que se produce.<\/span><\/li>\n<li><span style=\"font-family: arial, helvetica, sans-serif\"><strong>Cuidar el agua:<\/strong> Cerrar bien los grifos para que no goteen y no dejar correr el agua mientras nos lavamos los dientes o nos duchamos. As\u00ed, no desperdiciamos agua y ayudamos a conservar este recurso importante.<\/span><\/li>\n<li><span style=\"font-family: arial, helvetica, sans-serif\"><strong>Usar menos pl\u00e1stico:<\/strong> Evitar el uso de productos de pl\u00e1stico desechables, como bolsas de pl\u00e1stico o botellas de agua, y en su lugar usar productos reutilizables. As\u00ed, ayudamos a reducir la cantidad de pl\u00e1stico que contamina el medio ambiente.<\/span><\/li>\n<li><span style=\"font-family: arial, helvetica, sans-serif\"><strong>Cuidar la naturaleza:<\/strong> No tirar basura en la calle ni en los parques, y participar en actividades de limpieza para mantener nuestro entorno limpio y saludable. As\u00ed, ayudamos a proteger la naturaleza y a mantener un lugar bonito para vivir.<\/span><\/li>\n<\/ol>\n","protected":false},"excerpt":{"rendered":"<p>Del 21 al 27 de marzo coinciden varios d\u00edas importantes para la defensa del medioambiente:\u00a0 D\u00cdA 20: DIA MUNDIAL SIN CARNE D\u00cdA 21: DIA DE LOS BOSQUES D\u00cdA 22: D\u00cdA DEL AGUA DIA 23: DIA METEOROLOGICO MUNDIAL\u00a0 D\u00cdA 26: D\u00cdA MUNDIAL DEL CLIMA \u00bfSabes por que es importante la defensa del medioambiente? Porque actualmente estamos [&hellip;]<\/p>\n","protected":false},"author":917,"featured_media":868,"comment_status":"open","ping_status":"open","sticky":false,"template":"","format":"standard","meta":{"footnotes":""},"categories":[12],"tags":[],"class_list":["post-1428","post","type-post","status-publish","format-standard","has-post-thumbnail","hentry","category-dias-especiales"],"_links":{"self":[{"href":"https:\/\/edublog.educastur.es\/aulasverdes\/wp-json\/wp\/v2\/posts\/1428","targetHints":{"allow":["GET"]}}],"collection":[{"href":"https:\/\/edublog.educastur.es\/aulasverdes\/wp-json\/wp\/v2\/posts"}],"about":[{"href":"https:\/\/edublog.educastur.es\/aulasverdes\/wp-json\/wp\/v2\/types\/post"}],"author":[{"embeddable":true,"href":"https:\/\/edublog.educastur.es\/aulasverdes\/wp-json\/wp\/v2\/users\/917"}],"replies":[{"embeddable":true,"href":"https:\/\/edublog.educastur.es\/aulasverdes\/wp-json\/wp\/v2\/comments?post=1428"}],"version-history":[{"count":12,"href":"https:\/\/edublog.educastur.es\/aulasverdes\/wp-json\/wp\/v2\/posts\/1428\/revisions"}],"predecessor-version":[{"id":1441,"href":"https:\/\/edublog.educastur.es\/aulasverdes\/wp-json\/wp\/v2\/posts\/1428\/revisions\/1441"}],"wp:featuredmedia":[{"embeddable":true,"href":"https:\/\/edublog.educastur.es\/aulasverdes\/wp-json\/wp\/v2\/media\/868"}],"wp:attachment":[{"href":"https:\/\/edublog.educastur.es\/aulasverdes\/wp-json\/wp\/v2\/media?parent=1428"}],"wp:term":[{"taxonomy":"category","embeddable":true,"href":"https:\/\/edublog.educastur.es\/aulasverdes\/wp-json\/wp\/v2\/categories?post=1428"},{"taxonomy":"post_tag","embeddable":true,"href":"https:\/\/edublog.educastur.es\/aulasverdes\/wp-json\/wp\/v2\/tags?post=1428"}],"curies":[{"name":"wp","href":"https:\/\/api.w.org\/{rel}","templated":true}]}}