{"id":145,"date":"2021-10-15T08:18:15","date_gmt":"2021-10-15T08:18:15","guid":{"rendered":"https:\/\/edublog.educastur.es\/aulasverdes\/?p=145"},"modified":"2022-02-24T12:26:23","modified_gmt":"2022-02-24T12:26:23","slug":"dia-mundial-de-las-frutas-y-verduras-15-de-octubre","status":"publish","type":"post","link":"https:\/\/edublog.educastur.es\/aulasverdes\/2021\/10\/15\/dia-mundial-de-las-frutas-y-verduras-15-de-octubre\/","title":{"rendered":"DIA MUNDIAL DE LAS FRUTAS Y VERDURAS. 15 DE OCTUBRE"},"content":{"rendered":"<p><span style=\"font-family: 'arial black', sans-serif;font-size: 14pt\">Hoy 15 de octubre se celebra el D\u00eda Mundial de las Frutas y Verduras. <\/span><\/p>\n<p><span style=\"font-family: arial, helvetica, sans-serif;font-size: 14pt\">Este a\u00f1o el lema es \u201cFrutas y Verduras para sistemas alimentarios sostenibles y saludables\u201d.<\/span><\/p>\n<p><span style=\"font-family: arial, helvetica, sans-serif;font-size: 14pt\">Adem\u00e1s este a\u00f1o 2021 es el<span style=\"font-family: 'arial black', sans-serif\"><strong> A\u00f1o Internacional de las Frutas y Verduras.<\/strong><\/span><\/span><\/p>\n<p><span style=\"font-family: arial, helvetica, sans-serif;font-size: 14pt\">Y eso nos recuerda lo siguiente: <\/span><\/p>\n<ul>\n<li><span style=\"font-family: arial, helvetica, sans-serif;font-size: 14pt\">Es importante no desperdiciar los\u00a0 alimentos.<\/span><\/li>\n<li><span style=\"font-family: arial, helvetica, sans-serif;font-size: 14pt\">Debemos comer todos los d\u00edas al menos 5 raciones de frutas y verduras porque es muy bueno para nuestra salud.<\/span><\/li>\n<li><span style=\"font-family: arial, helvetica, sans-serif;font-size: 14pt\">Hay que apoyar a los agricultores que nos cultivan las frutas y verduras que comemos todos los d\u00edas.<\/span><\/li>\n<\/ul>\n<p><span style=\"font-family: arial, helvetica, sans-serif;font-size: 14pt\">SI TE INTERESA EL TEMA PUEDES VER ESTE VIDEO:\u00a0<\/span><\/p>\n<p><a href=\"https:\/\/youtu.be\/urUBzOcE0-4\">https:\/\/youtu.be\/urUBzOcE0-4<\/a><\/p>\n<p>&nbsp;<\/p>\n","protected":false},"excerpt":{"rendered":"<p>Hoy 15 de octubre se celebra el D\u00eda Mundial de las Frutas y Verduras. Este a\u00f1o el lema es \u201cFrutas y Verduras para sistemas alimentarios sostenibles y saludables\u201d. Adem\u00e1s este a\u00f1o 2021 es el A\u00f1o Internacional de las Frutas y Verduras. Y eso nos recuerda lo siguiente: Es importante no desperdiciar los\u00a0 alimentos. Debemos comer [&hellip;]<\/p>\n","protected":false},"author":917,"featured_media":146,"comment_status":"open","ping_status":"open","sticky":false,"template":"","format":"standard","meta":{"footnotes":""},"categories":[12],"tags":[],"class_list":["post-145","post","type-post","status-publish","format-standard","has-post-thumbnail","hentry","category-dias-especiales"],"_links":{"self":[{"href":"https:\/\/edublog.educastur.es\/aulasverdes\/wp-json\/wp\/v2\/posts\/145","targetHints":{"allow":["GET"]}}],"collection":[{"href":"https:\/\/edublog.educastur.es\/aulasverdes\/wp-json\/wp\/v2\/posts"}],"about":[{"href":"https:\/\/edublog.educastur.es\/aulasverdes\/wp-json\/wp\/v2\/types\/post"}],"author":[{"embeddable":true,"href":"https:\/\/edublog.educastur.es\/aulasverdes\/wp-json\/wp\/v2\/users\/917"}],"replies":[{"embeddable":true,"href":"https:\/\/edublog.educastur.es\/aulasverdes\/wp-json\/wp\/v2\/comments?post=145"}],"version-history":[{"count":7,"href":"https:\/\/edublog.educastur.es\/aulasverdes\/wp-json\/wp\/v2\/posts\/145\/revisions"}],"predecessor-version":[{"id":539,"href":"https:\/\/edublog.educastur.es\/aulasverdes\/wp-json\/wp\/v2\/posts\/145\/revisions\/539"}],"wp:featuredmedia":[{"embeddable":true,"href":"https:\/\/edublog.educastur.es\/aulasverdes\/wp-json\/wp\/v2\/media\/146"}],"wp:attachment":[{"href":"https:\/\/edublog.educastur.es\/aulasverdes\/wp-json\/wp\/v2\/media?parent=145"}],"wp:term":[{"taxonomy":"category","embeddable":true,"href":"https:\/\/edublog.educastur.es\/aulasverdes\/wp-json\/wp\/v2\/categories?post=145"},{"taxonomy":"post_tag","embeddable":true,"href":"https:\/\/edublog.educastur.es\/aulasverdes\/wp-json\/wp\/v2\/tags?post=145"}],"curies":[{"name":"wp","href":"https:\/\/api.w.org\/{rel}","templated":true}]}}