{"id":1494,"date":"2024-05-28T18:07:09","date_gmt":"2024-05-28T18:07:09","guid":{"rendered":"https:\/\/edublog.educastur.es\/aulasverdes\/?p=1494"},"modified":"2024-05-28T18:07:09","modified_gmt":"2024-05-28T18:07:09","slug":"exposicion-final-proyecto","status":"publish","type":"post","link":"https:\/\/edublog.educastur.es\/aulasverdes\/2024\/05\/28\/exposicion-final-proyecto\/","title":{"rendered":"Exposici\u00f3n final Proyecto"},"content":{"rendered":"<p><img loading=\"lazy\" decoding=\"async\" class=\" wp-image-1499 aligncenter\" src=\"http:\/\/edublog.educastur.es\/aulasverdes\/files\/2024\/05\/cartel-exposicion-2024-copia-300x160.png\" alt=\"\" width=\"388\" height=\"207\" srcset=\"https:\/\/edublog.educastur.es\/aulasverdes\/files\/2024\/05\/cartel-exposicion-2024-copia-300x160.png 300w, https:\/\/edublog.educastur.es\/aulasverdes\/files\/2024\/05\/cartel-exposicion-2024-copia-1024x546.png 1024w, https:\/\/edublog.educastur.es\/aulasverdes\/files\/2024\/05\/cartel-exposicion-2024-copia-768x409.png 768w, https:\/\/edublog.educastur.es\/aulasverdes\/files\/2024\/05\/cartel-exposicion-2024-copia-1536x819.png 1536w, https:\/\/edublog.educastur.es\/aulasverdes\/files\/2024\/05\/cartel-exposicion-2024-copia-1000x533.png 1000w, https:\/\/edublog.educastur.es\/aulasverdes\/files\/2024\/05\/cartel-exposicion-2024-copia-563x300.png 563w, https:\/\/edublog.educastur.es\/aulasverdes\/files\/2024\/05\/cartel-exposicion-2024-copia.png 1985w\" sizes=\"auto, (max-width: 388px) 100vw, 388px\" \/><\/p>\n<p><span style=\"font-family: arial, helvetica, sans-serif;font-size: 12pt\">Os queremos anunciar la exposici\u00f3n final de nuestro proyecto, que tendr\u00e1 lugar en la<strong> Asociaci\u00f3n de Vecinos Santiago (Nuevo Gij\u00f3n) d<\/strong><strong>el 3 de junio al 7 de junio<\/strong>.\u00a0<\/span><\/p>\n<p><span style=\"font-family: arial, helvetica, sans-serif;font-size: 12pt\">Por tercer a\u00f1o consecutivo realizamos una muestra de algunos de los trabajos realizados por nuestro alumnado y de otros centros con los que colaboramos.\u00a0<\/span><\/p>\n<p><span style=\"font-family: arial, helvetica, sans-serif;font-size: 12pt\">Este a\u00f1o con\u00a0el t\u00edtulo <strong>\u201cLlenArte de naturaleza\u201d<\/strong> , entre otras cosas podr\u00e1s ver:\u00a0\u00a0<\/span><\/p>\n<ul>\n<li><span style=\"font-family: arial, helvetica, sans-serif;font-size: 12pt\">nuestras obras de arte \u00abnatural\u00bb a lo largo de la historia (desde la prehistoria hasta la actualidad)<\/span><\/li>\n<li><span style=\"font-family: arial, helvetica, sans-serif;font-size: 12pt\">mosaicos y murales<\/span><\/li>\n<li><span style=\"font-family: arial, helvetica, sans-serif;font-size: 12pt\">el rinc\u00f3n de papel reciclado<\/span><\/li>\n<li><span style=\"font-family: arial, helvetica, sans-serif;font-size: 12pt\">el libro de recetas de nuestro huerto<\/span><\/li>\n<li><span style=\"font-family: arial, helvetica, sans-serif;font-size: 12pt\">objetos realizados con material natural y reutilizado<\/span><\/li>\n<li><span style=\"font-family: arial, helvetica, sans-serif;font-size: 12pt\">nuestro gran libro recopilaci\u00f3n de todos los retos para ser AULA VERDE<\/span><\/li>\n<li><span style=\"font-family: arial, helvetica, sans-serif;font-size: 12pt\">el rinc\u00f3n APS<\/span><\/li>\n<li><span style=\"font-family: arial, helvetica, sans-serif;font-size: 12pt\">fotograf\u00edas y videos de alumnos\/as realizando los retos para certificar\u00a0<\/span><\/li>\n<li><span style=\"font-family: arial, helvetica, sans-serif;font-size: 12pt\">y muchas cosas m\u00e1s<\/span><\/li>\n<\/ul>\n<p><strong><span style=\"font-family: arial, helvetica, sans-serif;font-size: 12pt\">El objetivo de esta exposici\u00f3n es mostrar que se puede y que es muy beneficioso para todos\/as y nuestro entorno\u00a0 \u00abuna educaci\u00f3n con la naturaleza, para la naturaleza y en la naturaleza\u00bb.\u00a0<\/span><\/strong><\/p>\n<p><span style=\"font-family: arial, helvetica, sans-serif;font-size: 12pt\">Os animamos a que veng\u00e1is y as\u00ed conocer un poco mejor nuestro proyecto y nuestro centro.\u00a0<\/span><\/p>\n<p><img loading=\"lazy\" decoding=\"async\" class=\"wp-image-1502 aligncenter\" src=\"http:\/\/edublog.educastur.es\/aulasverdes\/files\/2024\/05\/cartel-exposicion-horarios-300x83.jpg\" alt=\"\" width=\"658\" height=\"182\" \/><\/p>\n<p>&nbsp;<\/p>\n<p>&nbsp;<\/p>\n<p>&nbsp;<\/p>\n","protected":false},"excerpt":{"rendered":"<p>Os queremos anunciar la exposici\u00f3n final de nuestro proyecto, que tendr\u00e1 lugar en la Asociaci\u00f3n de Vecinos Santiago (Nuevo Gij\u00f3n) del 3 de junio al 7 de junio.\u00a0 Por tercer a\u00f1o consecutivo realizamos una muestra de algunos de los trabajos realizados por nuestro alumnado y de otros centros con los que colaboramos.\u00a0 Este a\u00f1o con\u00a0el [&hellip;]<\/p>\n","protected":false},"author":917,"featured_media":371,"comment_status":"open","ping_status":"open","sticky":false,"template":"","format":"standard","meta":{"footnotes":""},"categories":[14],"tags":[],"class_list":["post-1494","post","type-post","status-publish","format-standard","has-post-thumbnail","hentry","category-noticias"],"_links":{"self":[{"href":"https:\/\/edublog.educastur.es\/aulasverdes\/wp-json\/wp\/v2\/posts\/1494","targetHints":{"allow":["GET"]}}],"collection":[{"href":"https:\/\/edublog.educastur.es\/aulasverdes\/wp-json\/wp\/v2\/posts"}],"about":[{"href":"https:\/\/edublog.educastur.es\/aulasverdes\/wp-json\/wp\/v2\/types\/post"}],"author":[{"embeddable":true,"href":"https:\/\/edublog.educastur.es\/aulasverdes\/wp-json\/wp\/v2\/users\/917"}],"replies":[{"embeddable":true,"href":"https:\/\/edublog.educastur.es\/aulasverdes\/wp-json\/wp\/v2\/comments?post=1494"}],"version-history":[{"count":6,"href":"https:\/\/edublog.educastur.es\/aulasverdes\/wp-json\/wp\/v2\/posts\/1494\/revisions"}],"predecessor-version":[{"id":1504,"href":"https:\/\/edublog.educastur.es\/aulasverdes\/wp-json\/wp\/v2\/posts\/1494\/revisions\/1504"}],"wp:featuredmedia":[{"embeddable":true,"href":"https:\/\/edublog.educastur.es\/aulasverdes\/wp-json\/wp\/v2\/media\/371"}],"wp:attachment":[{"href":"https:\/\/edublog.educastur.es\/aulasverdes\/wp-json\/wp\/v2\/media?parent=1494"}],"wp:term":[{"taxonomy":"category","embeddable":true,"href":"https:\/\/edublog.educastur.es\/aulasverdes\/wp-json\/wp\/v2\/categories?post=1494"},{"taxonomy":"post_tag","embeddable":true,"href":"https:\/\/edublog.educastur.es\/aulasverdes\/wp-json\/wp\/v2\/tags?post=1494"}],"curies":[{"name":"wp","href":"https:\/\/api.w.org\/{rel}","templated":true}]}}