{"id":1508,"date":"2024-06-18T07:46:39","date_gmt":"2024-06-18T07:46:39","guid":{"rendered":"https:\/\/edublog.educastur.es\/aulasverdes\/?p=1508"},"modified":"2024-06-18T07:46:39","modified_gmt":"2024-06-18T07:46:39","slug":"visita-ornitologica-de-la-cooperativa","status":"publish","type":"post","link":"https:\/\/edublog.educastur.es\/aulasverdes\/2024\/06\/18\/visita-ornitologica-de-la-cooperativa\/","title":{"rendered":"VISITA ORNITOL\u00d3GICA DE LA COOPERATIVA"},"content":{"rendered":"<p style=\"text-align: center\"><span style=\"font-family: arial, helvetica, sans-serif;font-size: 14pt\">El pasado d\u00eda lunes 10 de junio, la <strong><span style=\"color: #008000\">cooperativa Plantiello<\/span> <\/strong>formada por las clases de TVA y ROGRAMA fuimos al Cierr\u00f3n de Villaviciosa, a avistar aves.<\/span><\/p>\n<p><img loading=\"lazy\" decoding=\"async\" class=\"size-medium wp-image-1515 aligncenter\" style=\"font-family: arial, helvetica, sans-serif;font-size: 18.6667px;text-align: center\" src=\"http:\/\/edublog.educastur.es\/aulasverdes\/files\/2024\/06\/6-300x225.jpg\" alt=\"\" width=\"300\" height=\"225\" \/><\/p>\n<p><span style=\"font-family: arial, helvetica, sans-serif;font-size: 14pt\">Gracias a los monitores, <strong>Javi y Armando<\/strong>, vimos una variedad de aves y patos en el observatorio y dimos un hermoso paseo para ver m\u00e1s aves.<\/span><\/p>\n<p><span style=\"font-family: arial, helvetica, sans-serif;font-size: 14pt\">Estas son todas las aves que vimos:<span style=\"color: #008000\"> Pato, Avi\u00f3n, Esp\u00e1tula, Gorri\u00f3n, Golondrina, Buitr\u00f3n, \u00c1guila, Milano, Lavandera y Corneja.<\/span><\/span><\/p>\n<p><span style=\"font-family: arial, helvetica, sans-serif;font-size: 14pt\">Fue una experiencia inolvidable esperamos volver.<\/span><\/p>\n<p><span style=\"font-family: arial, helvetica, sans-serif\"><span style=\"font-size: 14pt\">A continuaci\u00f3n os mostramos un video con fotos de nuestro encuentro.<\/span>\u00a0<\/span><\/p>\n<p><a href=\"https:\/\/educastur-my.sharepoint.com\/:v:\/g\/personal\/isabelmsa_educastur_org\/EZ-QC7bldalHsNuBqdrOuL8BqOynjPu2BpJ00QJmMXhdmw?nav=eyJyZWZlcnJhbEluZm8iOnsicmVmZXJyYWxBcHAiOiJTdHJlYW1XZWJBcHAiLCJyZWZlcnJhbFZpZXciOiJTaGFyZURpYWxvZy1MaW5rIiwicmVmZXJyYWxBcHBQbGF0Zm9ybSI6IldlYiIsInJlZmVycmFsTW9kZSI6InZpZXcifX0%3D&amp;e=c2Nnbj\" target=\"_blank\" rel=\"noopener\">PULSA PARA VER EL VIDEO<\/a><\/p>\n<p><em><span style=\"font-family: arial, helvetica, sans-serif;font-size: 14pt\">Esta actividad estuvo organizada por la Asociaci\u00f3n del<span style=\"color: #008000\"><strong> Colectivo Ornitol\u00f3gico Carbayera del Tragam\u00f3n, <\/strong><\/span>que est\u00e1 dedicada al Estudio, Protecci\u00f3n y Divulgaci\u00f3n de la fauna de nuestro entorno, especialmente las Aves.\u00a0\u00a0<\/span><\/em><\/p>\n<p><em><span style=\"font-family: arial, helvetica, sans-serif;font-size: 14pt\">Organizan muchas actividades relacionadas con las aves, salidas en cada barrio de Gij\u00f3n, encuentros en el Bot\u00e1nico mensuales, entre otras. Te animamos que te apuntes a alguna de ellas, si quieres tener m\u00e1s informaci\u00f3n consulta los siguientes enlaces:\u00a0<\/span><\/em><\/p>\n<p><span style=\"font-family: arial, helvetica, sans-serif\"><a href=\"https:\/\/www.facebook.com\/Colectivo.Ornitologico\" target=\"_blank\" rel=\"noopener\">Pulsa para entrar en su FACEBOOK<\/a><\/span><\/p>\n<p><span style=\"font-family: arial, helvetica, sans-serif\"><a href=\"https:\/\/www.instagram.com\/c.o.carbayeradeltragamon\/\" target=\"_blank\" rel=\"noopener\">Pulsa para entrar en su Instagram<\/a><\/span><\/p>\n<p><span style=\"font-family: arial, helvetica, sans-serif\"><a href=\"https:\/\/linktr.ee\/c.o.carbayeradeltragamon?fbclid=IwZXh0bgNhZW0CMTAAAR3u_RpVVnEOZmPqMpl4B3cFrOq8ETq4M9pSSi5H-q7A8Vq1PA3NnudX0SM_aem_ZmFrZWR1bW15MTZieXRlcw\" target=\"_blank\" rel=\"noopener\">Pulsa para entrar en su web<\/a><\/span><\/p>\n<p>&nbsp;<\/p>\n","protected":false},"excerpt":{"rendered":"<p>El pasado d\u00eda lunes 10 de junio, la cooperativa Plantiello formada por las clases de TVA y ROGRAMA fuimos al Cierr\u00f3n de Villaviciosa, a avistar aves. Gracias a los monitores, Javi y Armando, vimos una variedad de aves y patos en el observatorio y dimos un hermoso paseo para ver m\u00e1s aves. Estas son todas [&hellip;]<\/p>\n","protected":false},"author":917,"featured_media":0,"comment_status":"open","ping_status":"open","sticky":false,"template":"","format":"standard","meta":{"footnotes":""},"categories":[5,14],"tags":[],"class_list":["post-1508","post","type-post","status-publish","format-standard","hentry","category-experiencias","category-noticias"],"_links":{"self":[{"href":"https:\/\/edublog.educastur.es\/aulasverdes\/wp-json\/wp\/v2\/posts\/1508","targetHints":{"allow":["GET"]}}],"collection":[{"href":"https:\/\/edublog.educastur.es\/aulasverdes\/wp-json\/wp\/v2\/posts"}],"about":[{"href":"https:\/\/edublog.educastur.es\/aulasverdes\/wp-json\/wp\/v2\/types\/post"}],"author":[{"embeddable":true,"href":"https:\/\/edublog.educastur.es\/aulasverdes\/wp-json\/wp\/v2\/users\/917"}],"replies":[{"embeddable":true,"href":"https:\/\/edublog.educastur.es\/aulasverdes\/wp-json\/wp\/v2\/comments?post=1508"}],"version-history":[{"count":7,"href":"https:\/\/edublog.educastur.es\/aulasverdes\/wp-json\/wp\/v2\/posts\/1508\/revisions"}],"predecessor-version":[{"id":1516,"href":"https:\/\/edublog.educastur.es\/aulasverdes\/wp-json\/wp\/v2\/posts\/1508\/revisions\/1516"}],"wp:attachment":[{"href":"https:\/\/edublog.educastur.es\/aulasverdes\/wp-json\/wp\/v2\/media?parent=1508"}],"wp:term":[{"taxonomy":"category","embeddable":true,"href":"https:\/\/edublog.educastur.es\/aulasverdes\/wp-json\/wp\/v2\/categories?post=1508"},{"taxonomy":"post_tag","embeddable":true,"href":"https:\/\/edublog.educastur.es\/aulasverdes\/wp-json\/wp\/v2\/tags?post=1508"}],"curies":[{"name":"wp","href":"https:\/\/api.w.org\/{rel}","templated":true}]}}