{"id":1525,"date":"2024-09-25T08:34:41","date_gmt":"2024-09-25T08:34:41","guid":{"rendered":"https:\/\/edublog.educastur.es\/aulasverdes\/?p=1525"},"modified":"2024-09-25T08:34:41","modified_gmt":"2024-09-25T08:34:41","slug":"bienvenidos-y-bienvenidas","status":"publish","type":"post","link":"https:\/\/edublog.educastur.es\/aulasverdes\/2024\/09\/25\/bienvenidos-y-bienvenidas\/","title":{"rendered":"BIENVENIDOS Y BIENVENIDAS"},"content":{"rendered":"<p><span style=\"font-family: arial, helvetica, sans-serif;font-size: 14pt\">Somos la clase de <span style=\"font-family: 'arial black', sans-serif;color: #0000ff\">TVA-E <\/span>y este curso somos los encargados de gestionar el blog de Aulas Verdes os animamos a:<\/span><\/p>\n<ul>\n<li><strong><span style=\"font-family: arial, helvetica, sans-serif;font-size: 14pt\">Leer nuestro blog.<\/span><\/strong><\/li>\n<li><strong><span style=\"font-family: arial, helvetica, sans-serif;font-size: 14pt\">Escribir noticias, recetas u otra cosa de inter\u00e9s ecol\u00f3gico o social.<\/span><\/strong><\/li>\n<li><strong><span style=\"font-family: arial, helvetica, sans-serif;font-size: 14pt\">Comentar las entradas.<\/span><\/strong><\/li>\n<\/ul>\n<p><span style=\"font-family: arial, helvetica, sans-serif;font-size: 14pt\">Gracias por vuestra colaboraci\u00f3n. Firmado:<\/span><\/p>\n<p><span style=\"font-family: 'arial black', sans-serif;font-size: 14pt;color: #0000ff\">Jorge, Salim, Adri\u00e1n, Sebas e Iker.<\/span><\/p>\n<p><img loading=\"lazy\" decoding=\"async\" class=\"size-medium wp-image-1527 aligncenter\" src=\"http:\/\/edublog.educastur.es\/aulasverdes\/files\/2024\/09\/Image-min-300x225.jpg\" alt=\"\" width=\"300\" height=\"225\" srcset=\"https:\/\/edublog.educastur.es\/aulasverdes\/files\/2024\/09\/Image-min-300x225.jpg 300w, https:\/\/edublog.educastur.es\/aulasverdes\/files\/2024\/09\/Image-min-768x576.jpg 768w, https:\/\/edublog.educastur.es\/aulasverdes\/files\/2024\/09\/Image-min-1000x750.jpg 1000w, https:\/\/edublog.educastur.es\/aulasverdes\/files\/2024\/09\/Image-min-400x300.jpg 400w, https:\/\/edublog.educastur.es\/aulasverdes\/files\/2024\/09\/Image-min.jpg 1024w\" sizes=\"auto, (max-width: 300px) 100vw, 300px\" \/><\/p>\n<p>&nbsp;<\/p>\n<p>&nbsp;<\/p>\n<p>&nbsp;<\/p>\n","protected":false},"excerpt":{"rendered":"<p>Somos la clase de TVA-E y este curso somos los encargados de gestionar el blog de Aulas Verdes os animamos a: Leer nuestro blog. Escribir noticias, recetas u otra cosa de inter\u00e9s ecol\u00f3gico o social. Comentar las entradas. Gracias por vuestra colaboraci\u00f3n. Firmado: Jorge, Salim, Adri\u00e1n, Sebas e Iker. &nbsp; &nbsp; &nbsp;<\/p>\n","protected":false},"author":917,"featured_media":680,"comment_status":"open","ping_status":"open","sticky":false,"template":"","format":"standard","meta":{"footnotes":""},"categories":[14],"tags":[],"class_list":["post-1525","post","type-post","status-publish","format-standard","has-post-thumbnail","hentry","category-noticias"],"_links":{"self":[{"href":"https:\/\/edublog.educastur.es\/aulasverdes\/wp-json\/wp\/v2\/posts\/1525","targetHints":{"allow":["GET"]}}],"collection":[{"href":"https:\/\/edublog.educastur.es\/aulasverdes\/wp-json\/wp\/v2\/posts"}],"about":[{"href":"https:\/\/edublog.educastur.es\/aulasverdes\/wp-json\/wp\/v2\/types\/post"}],"author":[{"embeddable":true,"href":"https:\/\/edublog.educastur.es\/aulasverdes\/wp-json\/wp\/v2\/users\/917"}],"replies":[{"embeddable":true,"href":"https:\/\/edublog.educastur.es\/aulasverdes\/wp-json\/wp\/v2\/comments?post=1525"}],"version-history":[{"count":4,"href":"https:\/\/edublog.educastur.es\/aulasverdes\/wp-json\/wp\/v2\/posts\/1525\/revisions"}],"predecessor-version":[{"id":1530,"href":"https:\/\/edublog.educastur.es\/aulasverdes\/wp-json\/wp\/v2\/posts\/1525\/revisions\/1530"}],"wp:featuredmedia":[{"embeddable":true,"href":"https:\/\/edublog.educastur.es\/aulasverdes\/wp-json\/wp\/v2\/media\/680"}],"wp:attachment":[{"href":"https:\/\/edublog.educastur.es\/aulasverdes\/wp-json\/wp\/v2\/media?parent=1525"}],"wp:term":[{"taxonomy":"category","embeddable":true,"href":"https:\/\/edublog.educastur.es\/aulasverdes\/wp-json\/wp\/v2\/categories?post=1525"},{"taxonomy":"post_tag","embeddable":true,"href":"https:\/\/edublog.educastur.es\/aulasverdes\/wp-json\/wp\/v2\/tags?post=1525"}],"curies":[{"name":"wp","href":"https:\/\/api.w.org\/{rel}","templated":true}]}}