{"id":1571,"date":"2024-11-18T16:30:59","date_gmt":"2024-11-18T16:30:59","guid":{"rendered":"https:\/\/edublog.educastur.es\/aulasverdes\/?p=1571"},"modified":"2024-11-27T09:22:38","modified_gmt":"2024-11-27T09:22:38","slug":"semana-europea-prevencion-de-residuos","status":"publish","type":"post","link":"https:\/\/edublog.educastur.es\/aulasverdes\/2024\/11\/18\/semana-europea-prevencion-de-residuos\/","title":{"rendered":"SEMANA EUROPEA PREVENCI\u00d3N DE RESIDUOS I"},"content":{"rendered":"<p><img loading=\"lazy\" decoding=\"async\" class=\"alignnone wp-image-1576 aligncenter\" src=\"http:\/\/edublog.educastur.es\/aulasverdes\/files\/2024\/11\/shared-image-300x300.jpg\" alt=\"\" width=\"247\" height=\"247\" \/><\/p>\n<p><span style=\"font-family: arial, helvetica, sans-serif\">Como otros cursos nuestro centro participa en la Semana Europea de Prevenci\u00f3n de Residuos, este a\u00f1o est\u00e1 dedicada a l<\/span><strong><span style=\"font-family: arial, helvetica, sans-serif\">a reducci\u00f3n y reutilizaci\u00f3n del desperdicio alimentario.<\/span><\/strong><\/p>\n<p><span style=\"font-family: arial, helvetica, sans-serif\">El alumnado participante en la Escuela por la Circularidad de Cogersa, os proponen estos consejos:\u00a0<\/span><\/p>\n<p><img loading=\"lazy\" decoding=\"async\" class=\"size-medium wp-image-1573 aligncenter\" src=\"http:\/\/edublog.educastur.es\/aulasverdes\/files\/2024\/11\/Multimedia-1-300x226.jpg\" alt=\"\" width=\"300\" height=\"226\" srcset=\"https:\/\/edublog.educastur.es\/aulasverdes\/files\/2024\/11\/Multimedia-1-300x226.jpg 300w, https:\/\/edublog.educastur.es\/aulasverdes\/files\/2024\/11\/Multimedia-1-1024x771.jpg 1024w, https:\/\/edublog.educastur.es\/aulasverdes\/files\/2024\/11\/Multimedia-1-768x578.jpg 768w, https:\/\/edublog.educastur.es\/aulasverdes\/files\/2024\/11\/Multimedia-1-1536x1156.jpg 1536w, https:\/\/edublog.educastur.es\/aulasverdes\/files\/2024\/11\/Multimedia-1-1000x753.jpg 1000w, https:\/\/edublog.educastur.es\/aulasverdes\/files\/2024\/11\/Multimedia-1-399x300.jpg 399w, https:\/\/edublog.educastur.es\/aulasverdes\/files\/2024\/11\/Multimedia-1.jpg 1767w\" sizes=\"auto, (max-width: 300px) 100vw, 300px\" \/><\/p>\n<p><span style=\"font-family: 'arial black', sans-serif;color: #339966\">CONSEJOS:<\/span><\/p>\n<p><span style=\"font-family: arial, helvetica, sans-serif\"> 1. PIENSA ANTES DE COMPRAR PARA QUE NO TE SOBRE.<\/span><\/p>\n<p><span style=\"font-family: arial, helvetica, sans-serif\"> 2. NO COMPRES ALIMENTOS ENVASADOS.<\/span><\/p>\n<p><span style=\"font-family: arial, helvetica, sans-serif\"> 3. RECICLA LAS SOBRAS DE TUS COMIDAS<\/span><\/p>\n<p><img loading=\"lazy\" decoding=\"async\" class=\"wp-image-1574 size-medium aligncenter\" src=\"http:\/\/edublog.educastur.es\/aulasverdes\/files\/2024\/11\/Multimedia-e1731947229816-300x263.jpg\" alt=\"\" width=\"300\" height=\"263\" srcset=\"https:\/\/edublog.educastur.es\/aulasverdes\/files\/2024\/11\/Multimedia-e1731947229816-300x263.jpg 300w, https:\/\/edublog.educastur.es\/aulasverdes\/files\/2024\/11\/Multimedia-e1731947229816-1024x897.jpg 1024w, https:\/\/edublog.educastur.es\/aulasverdes\/files\/2024\/11\/Multimedia-e1731947229816-768x673.jpg 768w, https:\/\/edublog.educastur.es\/aulasverdes\/files\/2024\/11\/Multimedia-e1731947229816-1000x876.jpg 1000w, https:\/\/edublog.educastur.es\/aulasverdes\/files\/2024\/11\/Multimedia-e1731947229816-342x300.jpg 342w, https:\/\/edublog.educastur.es\/aulasverdes\/files\/2024\/11\/Multimedia-e1731947229816.jpg 1331w\" sizes=\"auto, (max-width: 300px) 100vw, 300px\" \/><\/p>\n<p><span style=\"font-family: 'arial black', sans-serif;color: #339966\">ACCI\u00d3N:\u00a0<\/span><\/p>\n<p><span style=\"font-family: arial, helvetica, sans-serif\">Esta semana en toda Europa hay acciones para trabajar este lema y nosotros te proponemos:\u00a0<\/span><\/p>\n<p><span style=\"font-family: arial, helvetica, sans-serif\"><strong>HAZ UNA FOTO DE ALGUNA CREACI\u00d3N ART\u00cdSTICA CON RESTOS<\/strong> <strong>ALIMENTICIOS<\/strong>, como legumbres, pieles de fruta, bolsas de t\u00e9 , cascaras de frutos secos, etc,&#8230;<\/span><span style=\"font-family: arial, helvetica, sans-serif\">\u00a0<\/span><\/p>\n<p><span style=\"font-family: arial, helvetica, sans-serif\">COMPARTE LAS FOTOS\u00a0 con nosotras, haremos un collage para un concurso de fotograf\u00eda con todas las enviadas.\u00a0<\/span><\/p>\n<ul style=\"list-style-type: square\">\n<li><span style=\"font-family: arial, helvetica, sans-serif\"> ENV\u00cdA TU ACCION\u00a0 A:\u00a0 <strong>mbeatrizgm@educastur.org<\/strong><\/span><\/li>\n<li><span style=\"font-family: arial, helvetica, sans-serif\">ETIQUETA TU ACCI\u00d3N:\u00a0 <strong>#EWWRAsturias #EWWR2024 #EWWR.<\/strong><\/span><\/li>\n<\/ul>\n<p style=\"text-align: center\"><span style=\"font-family: 'arial black', sans-serif\">\u00a1Os animamos a participar con vuestras fotos!<\/span><\/p>\n<p><img loading=\"lazy\" decoding=\"async\" class=\"size-medium wp-image-1575 alignright\" src=\"http:\/\/edublog.educastur.es\/aulasverdes\/files\/2024\/11\/shared-image-1-300x122.jpg\" alt=\"\" width=\"300\" height=\"122\" srcset=\"https:\/\/edublog.educastur.es\/aulasverdes\/files\/2024\/11\/shared-image-1-300x122.jpg 300w, https:\/\/edublog.educastur.es\/aulasverdes\/files\/2024\/11\/shared-image-1-1024x416.jpg 1024w, https:\/\/edublog.educastur.es\/aulasverdes\/files\/2024\/11\/shared-image-1-768x312.jpg 768w, https:\/\/edublog.educastur.es\/aulasverdes\/files\/2024\/11\/shared-image-1-1536x624.jpg 1536w, https:\/\/edublog.educastur.es\/aulasverdes\/files\/2024\/11\/shared-image-1-1000x406.jpg 1000w, https:\/\/edublog.educastur.es\/aulasverdes\/files\/2024\/11\/shared-image-1-739x300.jpg 739w, https:\/\/edublog.educastur.es\/aulasverdes\/files\/2024\/11\/shared-image-1.jpg 1642w\" sizes=\"auto, (max-width: 300px) 100vw, 300px\" \/><\/p>\n","protected":false},"excerpt":{"rendered":"<p>Como otros cursos nuestro centro participa en la Semana Europea de Prevenci\u00f3n de Residuos, este a\u00f1o est\u00e1 dedicada a la reducci\u00f3n y reutilizaci\u00f3n del desperdicio alimentario. El alumnado participante en la Escuela por la Circularidad de Cogersa, os proponen estos consejos:\u00a0 CONSEJOS: 1. PIENSA ANTES DE COMPRAR PARA QUE NO TE SOBRE. 2. NO COMPRES [&hellip;]<\/p>\n","protected":false},"author":917,"featured_media":0,"comment_status":"open","ping_status":"open","sticky":false,"template":"","format":"standard","meta":{"footnotes":""},"categories":[12,22,14],"tags":[],"class_list":["post-1571","post","type-post","status-publish","format-standard","hentry","category-dias-especiales","category-escuelas-por-la-circularidad","category-noticias"],"_links":{"self":[{"href":"https:\/\/edublog.educastur.es\/aulasverdes\/wp-json\/wp\/v2\/posts\/1571","targetHints":{"allow":["GET"]}}],"collection":[{"href":"https:\/\/edublog.educastur.es\/aulasverdes\/wp-json\/wp\/v2\/posts"}],"about":[{"href":"https:\/\/edublog.educastur.es\/aulasverdes\/wp-json\/wp\/v2\/types\/post"}],"author":[{"embeddable":true,"href":"https:\/\/edublog.educastur.es\/aulasverdes\/wp-json\/wp\/v2\/users\/917"}],"replies":[{"embeddable":true,"href":"https:\/\/edublog.educastur.es\/aulasverdes\/wp-json\/wp\/v2\/comments?post=1571"}],"version-history":[{"count":6,"href":"https:\/\/edublog.educastur.es\/aulasverdes\/wp-json\/wp\/v2\/posts\/1571\/revisions"}],"predecessor-version":[{"id":1587,"href":"https:\/\/edublog.educastur.es\/aulasverdes\/wp-json\/wp\/v2\/posts\/1571\/revisions\/1587"}],"wp:attachment":[{"href":"https:\/\/edublog.educastur.es\/aulasverdes\/wp-json\/wp\/v2\/media?parent=1571"}],"wp:term":[{"taxonomy":"category","embeddable":true,"href":"https:\/\/edublog.educastur.es\/aulasverdes\/wp-json\/wp\/v2\/categories?post=1571"},{"taxonomy":"post_tag","embeddable":true,"href":"https:\/\/edublog.educastur.es\/aulasverdes\/wp-json\/wp\/v2\/tags?post=1571"}],"curies":[{"name":"wp","href":"https:\/\/api.w.org\/{rel}","templated":true}]}}