{"id":1581,"date":"2024-11-26T08:45:19","date_gmt":"2024-11-26T08:45:19","guid":{"rendered":"https:\/\/edublog.educastur.es\/aulasverdes\/?p=1581"},"modified":"2024-12-04T09:03:51","modified_gmt":"2024-12-04T09:03:51","slug":"semana-europea-prevencion-de-residuos-ii","status":"publish","type":"post","link":"https:\/\/edublog.educastur.es\/aulasverdes\/2024\/11\/26\/semana-europea-prevencion-de-residuos-ii\/","title":{"rendered":"SEMANA EUROPEA PREVENCI\u00d3N DE RESIDUOS II"},"content":{"rendered":"<p><img loading=\"lazy\" decoding=\"async\" class=\"alignnone wp-image-1576 aligncenter\" src=\"http:\/\/edublog.educastur.es\/aulasverdes\/files\/2024\/11\/shared-image-300x300.jpg\" alt=\"\" width=\"247\" height=\"247\" \/><\/p>\n<p>&nbsp;<\/p>\n<p><span style=\"font-family: arial, helvetica, sans-serif\">La semana pasada con motivo a l<strong>a Semana Europea de la Prevenci\u00f3n de Residuos e<\/strong>l <strong><span style=\"color: #0000ff\">peri\u00f3dico del Comercio<\/span> <\/strong>nos visit\u00f3 y ha realizado este reportaje donde sale nuestro centro ense\u00f1ando algunas de las obras que se han realizado con residuos alimenticios.<\/span><\/p>\n<p><a href=\"https:\/\/www.elcomercio.es\/gijon\/reduccion-residuo-alimentario-fortaleza-tejido-social-20241122142053-vi.html?ref=https%3A%2F%2Fwww.elcomercio.es%2Fgijon%2Freduccion-residuo-alimentario-fortaleza-tejido-social-20241122142053-vi.html\" target=\"_blank\" rel=\"noopener\">PULSA PARA VER EL VIDEO<\/a><\/p>\n<p><span style=\"font-family: 'arial black', sans-serif\">Enhorabuena a todos los chicos y chicas que fueron entrevistados, hicisteis un gran trabajo.<img loading=\"lazy\" decoding=\"async\" class=\"size-medium wp-image-1584 aligncenter\" src=\"http:\/\/edublog.educastur.es\/aulasverdes\/files\/2024\/11\/Blank-4-Grids-Collage-300x300.jpg\" alt=\"\" width=\"300\" height=\"300\" srcset=\"https:\/\/edublog.educastur.es\/aulasverdes\/files\/2024\/11\/Blank-4-Grids-Collage-300x300.jpg 300w, https:\/\/edublog.educastur.es\/aulasverdes\/files\/2024\/11\/Blank-4-Grids-Collage-1024x1024.jpg 1024w, https:\/\/edublog.educastur.es\/aulasverdes\/files\/2024\/11\/Blank-4-Grids-Collage-150x150.jpg 150w, https:\/\/edublog.educastur.es\/aulasverdes\/files\/2024\/11\/Blank-4-Grids-Collage-768x768.jpg 768w, https:\/\/edublog.educastur.es\/aulasverdes\/files\/2024\/11\/Blank-4-Grids-Collage-1536x1536.jpg 1536w, https:\/\/edublog.educastur.es\/aulasverdes\/files\/2024\/11\/Blank-4-Grids-Collage-85x85.jpg 85w, https:\/\/edublog.educastur.es\/aulasverdes\/files\/2024\/11\/Blank-4-Grids-Collage-1000x1000.jpg 1000w, https:\/\/edublog.educastur.es\/aulasverdes\/files\/2024\/11\/Blank-4-Grids-Collage.jpg 1999w\" sizes=\"auto, (max-width: 300px) 100vw, 300px\" \/><\/span><\/p>\n<p>&nbsp;<\/p>\n<p>&nbsp;<\/p>\n","protected":false},"excerpt":{"rendered":"<p>&nbsp; La semana pasada con motivo a la Semana Europea de la Prevenci\u00f3n de Residuos el peri\u00f3dico del Comercio nos visit\u00f3 y ha realizado este reportaje donde sale nuestro centro ense\u00f1ando algunas de las obras que se han realizado con residuos alimenticios. PULSA PARA VER EL VIDEO Enhorabuena a todos los chicos y chicas que [&hellip;]<\/p>\n","protected":false},"author":917,"featured_media":0,"comment_status":"open","ping_status":"open","sticky":false,"template":"","format":"standard","meta":{"footnotes":""},"categories":[12,22,14],"tags":[],"class_list":["post-1581","post","type-post","status-publish","format-standard","hentry","category-dias-especiales","category-escuelas-por-la-circularidad","category-noticias"],"_links":{"self":[{"href":"https:\/\/edublog.educastur.es\/aulasverdes\/wp-json\/wp\/v2\/posts\/1581","targetHints":{"allow":["GET"]}}],"collection":[{"href":"https:\/\/edublog.educastur.es\/aulasverdes\/wp-json\/wp\/v2\/posts"}],"about":[{"href":"https:\/\/edublog.educastur.es\/aulasverdes\/wp-json\/wp\/v2\/types\/post"}],"author":[{"embeddable":true,"href":"https:\/\/edublog.educastur.es\/aulasverdes\/wp-json\/wp\/v2\/users\/917"}],"replies":[{"embeddable":true,"href":"https:\/\/edublog.educastur.es\/aulasverdes\/wp-json\/wp\/v2\/comments?post=1581"}],"version-history":[{"count":5,"href":"https:\/\/edublog.educastur.es\/aulasverdes\/wp-json\/wp\/v2\/posts\/1581\/revisions"}],"predecessor-version":[{"id":1590,"href":"https:\/\/edublog.educastur.es\/aulasverdes\/wp-json\/wp\/v2\/posts\/1581\/revisions\/1590"}],"wp:attachment":[{"href":"https:\/\/edublog.educastur.es\/aulasverdes\/wp-json\/wp\/v2\/media?parent=1581"}],"wp:term":[{"taxonomy":"category","embeddable":true,"href":"https:\/\/edublog.educastur.es\/aulasverdes\/wp-json\/wp\/v2\/categories?post=1581"},{"taxonomy":"post_tag","embeddable":true,"href":"https:\/\/edublog.educastur.es\/aulasverdes\/wp-json\/wp\/v2\/tags?post=1581"}],"curies":[{"name":"wp","href":"https:\/\/api.w.org\/{rel}","templated":true}]}}