{"id":1597,"date":"2024-12-11T09:57:23","date_gmt":"2024-12-11T09:57:23","guid":{"rendered":"https:\/\/edublog.educastur.es\/aulasverdes\/?p=1597"},"modified":"2025-03-10T18:18:14","modified_gmt":"2025-03-10T18:18:14","slug":"dia-de-la-discapacidad","status":"publish","type":"post","link":"https:\/\/edublog.educastur.es\/aulasverdes\/2024\/12\/11\/dia-de-la-discapacidad\/","title":{"rendered":"DIA DE LAS PERSONAS CON DISCAPACIDAD"},"content":{"rendered":"<p><img loading=\"lazy\" decoding=\"async\" class=\"size-medium wp-image-1603 aligncenter\" src=\"http:\/\/edublog.educastur.es\/aulasverdes\/files\/2024\/12\/cartel-2024-1_compressed-212x300.jpg\" alt=\"\" width=\"212\" height=\"300\" \/><\/p>\n<p><span style=\"font-family: arial, helvetica, sans-serif\"><span style=\"font-family: 'arial black', sans-serif\">El pasado 3 de diciembre se conmemora el d\u00eda internacional de las personas con Discapacidad<\/span>, en nuestro centro hemos recibido una visita muy especial, el grupo de TVA B nos cuenta todo lo que nos ense\u00f1\u00f3:\u00a0<\/span><\/p>\n<p><img loading=\"lazy\" decoding=\"async\" class=\"alignnone size-medium wp-image-1618\" src=\"http:\/\/edublog.educastur.es\/aulasverdes\/files\/2024\/12\/2024-12-11_09-40-52_628-225x300.jpg\" alt=\"\" width=\"225\" height=\"300\" \/><img loading=\"lazy\" decoding=\"async\" class=\"alignnone size-medium wp-image-1619\" src=\"http:\/\/edublog.educastur.es\/aulasverdes\/files\/2024\/12\/2024-12-11_09-40-53_000-215x300.jpg\" alt=\"\" width=\"215\" height=\"300\" \/><\/p>\n<p><span style=\"font-family: arial, helvetica, sans-serif\">Carmen L\u00f3pez, campeona mundial de surf adaptado . Nos cont\u00f3 cosas muy interesantes como:\u00a0<\/span><\/p>\n<ul>\n<li style=\"list-style-type: none\">\n<ul style=\"list-style-type: circle\">\n<li><span style=\"font-family: arial, helvetica, sans-serif\">A los 8 a\u00f1os perdi\u00f3 la vista y ah\u00ed empez\u00f3 a superarse.<\/span><\/li>\n<li><span style=\"font-family: arial, helvetica, sans-serif\">Salt\u00f3, corri\u00f3, hizo varios deportes como patinaje, ciclismo, h\u00edpica, escalada y surf.<\/span><\/li>\n<li><span style=\"font-family: arial, helvetica, sans-serif\">Consigui\u00f3 varias medallas en campeonatos mundiales: de plata, de bronce y de oro.<\/span><\/li>\n<li><span style=\"font-family: arial, helvetica, sans-serif\">Ense\u00f1a baile a personas con discapacidad.<\/span><\/li>\n<li><span style=\"font-family: arial, helvetica, sans-serif\">Siempre le acompa\u00f1a su perra Selva que la ayuda en su d\u00eda\u00a0 a d\u00eda.<\/span><\/li>\n<\/ul>\n<\/li>\n<\/ul>\n<p><span style=\"font-family: arial, helvetica, sans-serif\">Le hicimos una entrevista que cuando inauguremos nuestra radio ser\u00e1 un podcast, que vamos a hacer con nuestras profes. De momento pod\u00e9is ver la entrevista, esperamos que os guste.\u00a0<\/span><\/p>\n\n<!-- iframe plugin v.6.0 wordpress.org\/plugins\/iframe\/ -->\n<iframe loading=\"lazy\" src=\"https:\/\/www.ivoox.com\/player_ej_141097969_6_1.html?c1=e4340c\" width=\"100%\" height=\"200\" frameborder=\"0\" allowfullscreen scrolling=\"no\" 0=\"loading=&quot;lazy&quot;&gt;&lt;\/iframe\" class=\"iframe-class\"><\/iframe>\n\n<p><span style=\"font-family: arial, helvetica, sans-serif\">Tambi\u00e9n desde biblioteca se propuso una actividad donde todos y todas nuestros\/as alumnos\/as pudieron dejar su huella, ya que todos y todas somos importantes.\u00a0<\/span><\/p>\n<p><img loading=\"lazy\" decoding=\"async\" class=\"wp-image-1600 alignnone\" src=\"http:\/\/edublog.educastur.es\/aulasverdes\/files\/2024\/12\/Image-min-e1733336778511-300x294.jpg\" alt=\"\" width=\"304\" height=\"298\" srcset=\"https:\/\/edublog.educastur.es\/aulasverdes\/files\/2024\/12\/Image-min-e1733336778511-300x294.jpg 300w, https:\/\/edublog.educastur.es\/aulasverdes\/files\/2024\/12\/Image-min-e1733336778511-306x300.jpg 306w, https:\/\/edublog.educastur.es\/aulasverdes\/files\/2024\/12\/Image-min-e1733336778511.jpg 768w\" sizes=\"auto, (max-width: 304px) 100vw, 304px\" \/><img loading=\"lazy\" decoding=\"async\" class=\"alignnone size-medium wp-image-1630\" src=\"http:\/\/edublog.educastur.es\/aulasverdes\/files\/2024\/12\/InCollage_20241211_172852024-300x300.jpg\" alt=\"\" width=\"300\" height=\"300\" \/><\/p>\n<p><a href=\"https:\/\/www.flipbookpdf.net\/web\/site\/6e2f04fdfb407331a9b6f0a5849e93432640eb80202412.pdf.html#page\/4\" target=\"_blank\" rel=\"noopener\">LIBRO \u00a1FUERA ETIQUETAS!<\/a><\/p>\n<p style=\"text-align: center\"><span style=\"font-family: 'arial black', sans-serif;color: #339966\">Escribe\u00a0 en comentarios que te ha parecido.<\/span><\/p>\n","protected":false},"excerpt":{"rendered":"<p>El pasado 3 de diciembre se conmemora el d\u00eda internacional de las personas con Discapacidad, en nuestro centro hemos recibido una visita muy especial, el grupo de TVA B nos cuenta todo lo que nos ense\u00f1\u00f3:\u00a0 Carmen L\u00f3pez, campeona mundial de surf adaptado . Nos cont\u00f3 cosas muy interesantes como:\u00a0 A los 8 a\u00f1os perdi\u00f3 [&hellip;]<\/p>\n","protected":false},"author":917,"featured_media":0,"comment_status":"open","ping_status":"open","sticky":false,"template":"","format":"standard","meta":{"footnotes":""},"categories":[12],"tags":[],"class_list":["post-1597","post","type-post","status-publish","format-standard","hentry","category-dias-especiales"],"_links":{"self":[{"href":"https:\/\/edublog.educastur.es\/aulasverdes\/wp-json\/wp\/v2\/posts\/1597","targetHints":{"allow":["GET"]}}],"collection":[{"href":"https:\/\/edublog.educastur.es\/aulasverdes\/wp-json\/wp\/v2\/posts"}],"about":[{"href":"https:\/\/edublog.educastur.es\/aulasverdes\/wp-json\/wp\/v2\/types\/post"}],"author":[{"embeddable":true,"href":"https:\/\/edublog.educastur.es\/aulasverdes\/wp-json\/wp\/v2\/users\/917"}],"replies":[{"embeddable":true,"href":"https:\/\/edublog.educastur.es\/aulasverdes\/wp-json\/wp\/v2\/comments?post=1597"}],"version-history":[{"count":21,"href":"https:\/\/edublog.educastur.es\/aulasverdes\/wp-json\/wp\/v2\/posts\/1597\/revisions"}],"predecessor-version":[{"id":1690,"href":"https:\/\/edublog.educastur.es\/aulasverdes\/wp-json\/wp\/v2\/posts\/1597\/revisions\/1690"}],"wp:attachment":[{"href":"https:\/\/edublog.educastur.es\/aulasverdes\/wp-json\/wp\/v2\/media?parent=1597"}],"wp:term":[{"taxonomy":"category","embeddable":true,"href":"https:\/\/edublog.educastur.es\/aulasverdes\/wp-json\/wp\/v2\/categories?post=1597"},{"taxonomy":"post_tag","embeddable":true,"href":"https:\/\/edublog.educastur.es\/aulasverdes\/wp-json\/wp\/v2\/tags?post=1597"}],"curies":[{"name":"wp","href":"https:\/\/api.w.org\/{rel}","templated":true}]}}