{"id":1599,"date":"2024-12-06T07:48:14","date_gmt":"2024-12-06T07:48:14","guid":{"rendered":"https:\/\/edublog.educastur.es\/aulasverdes\/?p=1599"},"modified":"2024-12-06T08:02:35","modified_gmt":"2024-12-06T08:02:35","slug":"los-peques-del-cole-nos-ensenan-como-cuidan-el-agua","status":"publish","type":"post","link":"https:\/\/edublog.educastur.es\/aulasverdes\/2024\/12\/06\/los-peques-del-cole-nos-ensenan-como-cuidan-el-agua\/","title":{"rendered":"Los peques del cole nos ense\u00f1an como cuidan el agua"},"content":{"rendered":"<p><span style=\"font-family: 'arial black', sans-serif\"><span style=\"font-family: arial, helvetica, sans-serif\">Como sab\u00e9is nuestras clases siguen haciendo retos para conseguir ser<span style=\"color: #339966\"><strong> Aula Verde,<\/strong><\/span> este a\u00f1o el tema es el<span style=\"font-family: 'arial black', sans-serif\"><span style=\"color: #339966\"> AGUA <\/span><span style=\"font-family: arial, helvetica, sans-serif\">y<\/span><\/span> este trimestre nuestro alumnado ten\u00eda que ense\u00f1arnos lo importante que es cuidar el agua en nuestro d\u00eda a d\u00eda.<\/span> <\/span><\/p>\n<p><img loading=\"lazy\" decoding=\"async\" class=\" wp-image-1612 aligncenter\" src=\"http:\/\/edublog.educastur.es\/aulasverdes\/files\/2024\/12\/reto-agua-300x169.png\" alt=\"\" width=\"341\" height=\"192\" srcset=\"https:\/\/edublog.educastur.es\/aulasverdes\/files\/2024\/12\/reto-agua-300x169.png 300w, https:\/\/edublog.educastur.es\/aulasverdes\/files\/2024\/12\/reto-agua-768x433.png 768w, https:\/\/edublog.educastur.es\/aulasverdes\/files\/2024\/12\/reto-agua-532x300.png 532w, https:\/\/edublog.educastur.es\/aulasverdes\/files\/2024\/12\/reto-agua.png 811w\" sizes=\"auto, (max-width: 341px) 100vw, 341px\" \/><\/p>\n<p><span style=\"font-family: arial, helvetica, sans-serif\" data-teams=\"true\">Los peques de la<span style=\"font-family: 'arial black', sans-serif;color: #339966\"> clase de Infantil B<\/span> os ense\u00f1amos como cuidamos el agua en nuestras rutinas diarias. <\/span><\/p>\n<p><span style=\"font-family: arial, helvetica, sans-serif\" data-teams=\"true\">Y para ello hemos elaborado un v\u00eddeo educativo en el que han participado las familias del aula.<\/span><\/p>\n<p><span style=\"font-family: arial, helvetica, sans-serif\" data-teams=\"true\">Desde el centro educativo entendemos que ir de la mano familia y escuela es la clave para que nuestros peques conquisten todos los objetivos que se propongan.<\/span><\/p>\n<p><span style=\"color: #339966\"><a style=\"color: #339966\" href=\"https:\/\/educastur-my.sharepoint.com\/:v:\/g\/personal\/isabelmsa_educastur_org\/EdfpX773vmJKu-NSrEhHrpEBlqn59CH1tE8YKv2lsc__Iw?e=hSRKas&amp;nav=eyJyZWZlcnJhbEluZm8iOnsicmVmZXJyYWxBcHAiOiJTdHJlYW1XZWJBcHAiLCJyZWZlcnJhbFZpZXciOiJTaGFyZURpYWxvZy1MaW5rIiwicmVmZXJyYWxBcHBQbGF0Zm9ybSI6IldlYiIsInJlZmVycmFsTW9kZSI6InZpZXcifX0%3D\" target=\"_blank\" rel=\"noopener\">PULSA PARA VER EL VIDEO<\/a><\/span><\/p>\n<p><span style=\"font-family: arial, helvetica, sans-serif\">\u00a1\u00a1Gracias a todas las familias y los peques participantes!! <\/span><\/p>\n<p style=\"text-align: center\"><span style=\"font-family: 'arial black', sans-serif;color: #339966\">Sin duda, reto conseguido.\u00a0<\/span><\/p>\n<p>&nbsp;<\/p>\n","protected":false},"excerpt":{"rendered":"<p>Como sab\u00e9is nuestras clases siguen haciendo retos para conseguir ser Aula Verde, este a\u00f1o el tema es el AGUA y este trimestre nuestro alumnado ten\u00eda que ense\u00f1arnos lo importante que es cuidar el agua en nuestro d\u00eda a d\u00eda. Los peques de la clase de Infantil B os ense\u00f1amos como cuidamos el agua en nuestras [&hellip;]<\/p>\n","protected":false},"author":917,"featured_media":1611,"comment_status":"open","ping_status":"open","sticky":false,"template":"","format":"standard","meta":{"footnotes":""},"categories":[5,11,19],"tags":[],"class_list":["post-1599","post","type-post","status-publish","format-standard","has-post-thumbnail","hentry","category-experiencias","category-familias","category-ods"],"_links":{"self":[{"href":"https:\/\/edublog.educastur.es\/aulasverdes\/wp-json\/wp\/v2\/posts\/1599","targetHints":{"allow":["GET"]}}],"collection":[{"href":"https:\/\/edublog.educastur.es\/aulasverdes\/wp-json\/wp\/v2\/posts"}],"about":[{"href":"https:\/\/edublog.educastur.es\/aulasverdes\/wp-json\/wp\/v2\/types\/post"}],"author":[{"embeddable":true,"href":"https:\/\/edublog.educastur.es\/aulasverdes\/wp-json\/wp\/v2\/users\/917"}],"replies":[{"embeddable":true,"href":"https:\/\/edublog.educastur.es\/aulasverdes\/wp-json\/wp\/v2\/comments?post=1599"}],"version-history":[{"count":5,"href":"https:\/\/edublog.educastur.es\/aulasverdes\/wp-json\/wp\/v2\/posts\/1599\/revisions"}],"predecessor-version":[{"id":1614,"href":"https:\/\/edublog.educastur.es\/aulasverdes\/wp-json\/wp\/v2\/posts\/1599\/revisions\/1614"}],"wp:featuredmedia":[{"embeddable":true,"href":"https:\/\/edublog.educastur.es\/aulasverdes\/wp-json\/wp\/v2\/media\/1611"}],"wp:attachment":[{"href":"https:\/\/edublog.educastur.es\/aulasverdes\/wp-json\/wp\/v2\/media?parent=1599"}],"wp:term":[{"taxonomy":"category","embeddable":true,"href":"https:\/\/edublog.educastur.es\/aulasverdes\/wp-json\/wp\/v2\/categories?post=1599"},{"taxonomy":"post_tag","embeddable":true,"href":"https:\/\/edublog.educastur.es\/aulasverdes\/wp-json\/wp\/v2\/tags?post=1599"}],"curies":[{"name":"wp","href":"https:\/\/api.w.org\/{rel}","templated":true}]}}