{"id":1634,"date":"2024-12-18T09:24:09","date_gmt":"2024-12-18T09:24:09","guid":{"rendered":"https:\/\/edublog.educastur.es\/aulasverdes\/?p=1634"},"modified":"2024-12-17T22:25:08","modified_gmt":"2024-12-17T22:25:08","slug":"finalistas-en-los-premios-aps","status":"publish","type":"post","link":"https:\/\/edublog.educastur.es\/aulasverdes\/2024\/12\/18\/finalistas-en-los-premios-aps\/","title":{"rendered":"FINALISTAS EN LOS PREMIOS APS"},"content":{"rendered":"<p><span style=\"font-family: arial, helvetica, sans-serif\">El pasado viernes 13 de diciembre se entreg\u00f3 los<strong> premios Aprendizaje-Servicio 2024 en M\u00e9rida.\u00a0<\/strong><\/span><\/p>\n<p><img loading=\"lazy\" decoding=\"async\" class=\"size-medium wp-image-1639 aligncenter\" src=\"http:\/\/edublog.educastur.es\/aulasverdes\/files\/2024\/12\/InCollage_20241217_223820140-300x300.jpg\" alt=\"\" width=\"300\" height=\"300\" \/><\/p>\n<p><span style=\"font-family: arial, helvetica, sans-serif\">Nuestro proyecto\u202f<span style=\"font-family: 'arial black', sans-serif;color: #339966\">Red de Aulas Verdes, <\/span>ha resultado\u202ffinalista\u202fentre los much\u00edsimos proyectos que se han presentado este a\u00f1o.<\/span><\/p>\n<p><img loading=\"lazy\" decoding=\"async\" class=\"size-medium wp-image-1641 aligncenter\" src=\"http:\/\/edublog.educastur.es\/aulasverdes\/files\/2024\/12\/foto-diploma-APs-300x226.jpg\" alt=\"\" width=\"300\" height=\"226\" srcset=\"https:\/\/edublog.educastur.es\/aulasverdes\/files\/2024\/12\/foto-diploma-APs-300x226.jpg 300w, https:\/\/edublog.educastur.es\/aulasverdes\/files\/2024\/12\/foto-diploma-APs-1024x771.jpg 1024w, https:\/\/edublog.educastur.es\/aulasverdes\/files\/2024\/12\/foto-diploma-APs-768x578.jpg 768w, https:\/\/edublog.educastur.es\/aulasverdes\/files\/2024\/12\/foto-diploma-APs-1536x1156.jpg 1536w, https:\/\/edublog.educastur.es\/aulasverdes\/files\/2024\/12\/foto-diploma-APs-1000x752.jpg 1000w, https:\/\/edublog.educastur.es\/aulasverdes\/files\/2024\/12\/foto-diploma-APs-399x300.jpg 399w, https:\/\/edublog.educastur.es\/aulasverdes\/files\/2024\/12\/foto-diploma-APs.jpg 1604w\" sizes=\"auto, (max-width: 300px) 100vw, 300px\" \/><\/p>\n<p><span style=\"font-family: arial, helvetica, sans-serif\">Desde el jurado nos han felicitado por su calidad educativa y su impacto social y comunitario anim\u00e1ndonos a seguir presentando proyectos de Aprendizaje-Servicio en las pr\u00f3ximas ediciones.<\/span><\/p>\n<p><span style=\"font-family: 'arial black', sans-serif\">Queremos dar las gracias a todo el profesorado implicado cada d\u00eda en que este proyecto siga adelante, as\u00ed como a los centros que han acogido nuestra propuesta de ser cada d\u00eda centros mas sostenibles y respetuosos con el medio ambiente.\u00a0<\/span><\/p>\n<p><span style=\"font-family: arial, helvetica, sans-serif\">Si quer\u00e9is conocer nuestro proyecto te invitamos a ver este video:\u00a0<\/span><\/p>\n\n<!-- iframe plugin v.6.0 wordpress.org\/plugins\/iframe\/ -->\n<iframe loading=\"lazy\" width=\"500\" height=\"500\" src=\"https:\/\/www.youtube.com\/embed\/mKPrW7cwqtY?si=gu867AcW8J89JC4B\" title=\"YouTube video player\" frameborder=\"0\" allow=\"accelerometer; autoplay; clipboard-write; encrypted-media; gyroscope; picture-in-picture; web-share\" scrolling=\"yes\" class=\"iframe-class\"><\/iframe>\n\n","protected":false},"excerpt":{"rendered":"<p>El pasado viernes 13 de diciembre se entreg\u00f3 los premios Aprendizaje-Servicio 2024 en M\u00e9rida.\u00a0 Nuestro proyecto\u202fRed de Aulas Verdes, ha resultado\u202ffinalista\u202fentre los much\u00edsimos proyectos que se han presentado este a\u00f1o. Desde el jurado nos han felicitado por su calidad educativa y su impacto social y comunitario anim\u00e1ndonos a seguir presentando proyectos de Aprendizaje-Servicio en las [&hellip;]<\/p>\n","protected":false},"author":917,"featured_media":371,"comment_status":"open","ping_status":"open","sticky":false,"template":"","format":"standard","meta":{"footnotes":""},"categories":[14],"tags":[],"class_list":["post-1634","post","type-post","status-publish","format-standard","has-post-thumbnail","hentry","category-noticias"],"_links":{"self":[{"href":"https:\/\/edublog.educastur.es\/aulasverdes\/wp-json\/wp\/v2\/posts\/1634","targetHints":{"allow":["GET"]}}],"collection":[{"href":"https:\/\/edublog.educastur.es\/aulasverdes\/wp-json\/wp\/v2\/posts"}],"about":[{"href":"https:\/\/edublog.educastur.es\/aulasverdes\/wp-json\/wp\/v2\/types\/post"}],"author":[{"embeddable":true,"href":"https:\/\/edublog.educastur.es\/aulasverdes\/wp-json\/wp\/v2\/users\/917"}],"replies":[{"embeddable":true,"href":"https:\/\/edublog.educastur.es\/aulasverdes\/wp-json\/wp\/v2\/comments?post=1634"}],"version-history":[{"count":6,"href":"https:\/\/edublog.educastur.es\/aulasverdes\/wp-json\/wp\/v2\/posts\/1634\/revisions"}],"predecessor-version":[{"id":1642,"href":"https:\/\/edublog.educastur.es\/aulasverdes\/wp-json\/wp\/v2\/posts\/1634\/revisions\/1642"}],"wp:featuredmedia":[{"embeddable":true,"href":"https:\/\/edublog.educastur.es\/aulasverdes\/wp-json\/wp\/v2\/media\/371"}],"wp:attachment":[{"href":"https:\/\/edublog.educastur.es\/aulasverdes\/wp-json\/wp\/v2\/media?parent=1634"}],"wp:term":[{"taxonomy":"category","embeddable":true,"href":"https:\/\/edublog.educastur.es\/aulasverdes\/wp-json\/wp\/v2\/categories?post=1634"},{"taxonomy":"post_tag","embeddable":true,"href":"https:\/\/edublog.educastur.es\/aulasverdes\/wp-json\/wp\/v2\/tags?post=1634"}],"curies":[{"name":"wp","href":"https:\/\/api.w.org\/{rel}","templated":true}]}}