{"id":1649,"date":"2025-01-26T10:20:45","date_gmt":"2025-01-26T10:20:45","guid":{"rendered":"https:\/\/edublog.educastur.es\/aulasverdes\/?p=1649"},"modified":"2025-02-12T09:17:11","modified_gmt":"2025-02-12T09:17:11","slug":"dia-de-la-educacion-ambiental","status":"publish","type":"post","link":"https:\/\/edublog.educastur.es\/aulasverdes\/2025\/01\/26\/dia-de-la-educacion-ambiental\/","title":{"rendered":"DIA DE LA EDUCACI\u00d3N AMBIENTAL"},"content":{"rendered":"<p><span style=\"font-family: arial, helvetica, sans-serif\"><span style=\"font-family: 'arial black', sans-serif\">El d\u00eda 26 de Enero se conmemora el d\u00eda de la Educaci\u00f3n Ambiental<\/span>, en nuestro centro con el proyecto Aulas Verdes nos preocupamos de transmitir a nuestro alumnado, familias y profesorado la importancia de acercarnos cada d\u00eda a la naturaleza para aprender a respetarla y cuidarla. Es un tesoro muy preciado que est\u00e1 en peligro y que necesita de nuestra ayuda.\u00a0<\/span><\/p>\n<p><span style=\"font-family: arial, helvetica, sans-serif\">Para ello os invitamos a una exposici\u00f3n que hay en nuestro cole donde los cient\u00edficos del Centro Oceanogr\u00e1fico de Gij\u00f3n nos ense\u00f1an sus trabajos destinados a saber m\u00e1s sobre el medio ambiente marino y su situaci\u00f3n actual.\u00a0<\/span><\/p>\n<p><span style=\"font-family: arial, helvetica, sans-serif\">En esta presentaci\u00f3n os explicamos un poco en que consiste:\u00a0<\/span><\/p>\n\n<!-- iframe plugin v.6.0 wordpress.org\/plugins\/iframe\/ -->\n<iframe loading=\"lazy\" 0=\"style=&quot;position:\" 1=\"absolute;\" 2=\"width:\" 3=\"100%;\" 4=\"height:\" 5=\"100%;\" 6=\"top:\" 7=\"0;\" 8=\"left:\" 9=\"0;\" 10=\"border:\" 11=\"none;\" 12=\"padding:\" 13=\"0;margin:\" 14 15=\"\/&gt;\" src=\"https:\/\/www.canva.com\/design\/DAGdR8wORR0\/aziWmfdaHadylgbK7Ozgqg\/view?embed\" allowfullscreen=\"allowfullscreen\" 16=\"allow=&quot;fullscreen&quot;&gt;&lt;\/p&gt;\" 17 href=\"https:\/\/www.canva.com\/design\/DAGdR8wORR0\/6lMiK8jD0DhfLlOO0D0BpA\/view?utm_content=DAGdR8wORR0&amp;utm_campaign=designshare&amp;utm_medium=link2&amp;utm_source=uniquelinks&amp;utlId=h1f86b90f75\" target=\"_blank\" 18=\"rel=&quot;noopener&quot;&gt;Presentaci\u00f3n\" 19=\"plantas\" 20=\"natural\" 21=\"verde\" 22=\"y\" 23=\"negro&lt;\/a&gt;\" 24=\"de\" 25=\"Isamasa_educacion&lt;\/p&gt;\" 26=\"&lt;p&gt;&lt;a\" rel=\"noopener\" width=\"100%\" height=\"500\" scrolling=\"yes\" class=\"iframe-class\" frameborder=\"0\"><\/iframe>\n\n<p>&nbsp;<\/p>\n<p>&nbsp;<\/p>\n<p>&nbsp;<\/p>\n<p>&nbsp;<\/p>\n<p>&nbsp;<\/p>\n","protected":false},"excerpt":{"rendered":"<p>El d\u00eda 26 de Enero se conmemora el d\u00eda de la Educaci\u00f3n Ambiental, en nuestro centro con el proyecto Aulas Verdes nos preocupamos de transmitir a nuestro alumnado, familias y profesorado la importancia de acercarnos cada d\u00eda a la naturaleza para aprender a respetarla y cuidarla. Es un tesoro muy preciado que est\u00e1 en peligro [&hellip;]<\/p>\n","protected":false},"author":917,"featured_media":868,"comment_status":"open","ping_status":"open","sticky":false,"template":"","format":"standard","meta":{"footnotes":""},"categories":[12],"tags":[],"class_list":["post-1649","post","type-post","status-publish","format-standard","has-post-thumbnail","hentry","category-dias-especiales"],"_links":{"self":[{"href":"https:\/\/edublog.educastur.es\/aulasverdes\/wp-json\/wp\/v2\/posts\/1649","targetHints":{"allow":["GET"]}}],"collection":[{"href":"https:\/\/edublog.educastur.es\/aulasverdes\/wp-json\/wp\/v2\/posts"}],"about":[{"href":"https:\/\/edublog.educastur.es\/aulasverdes\/wp-json\/wp\/v2\/types\/post"}],"author":[{"embeddable":true,"href":"https:\/\/edublog.educastur.es\/aulasverdes\/wp-json\/wp\/v2\/users\/917"}],"replies":[{"embeddable":true,"href":"https:\/\/edublog.educastur.es\/aulasverdes\/wp-json\/wp\/v2\/comments?post=1649"}],"version-history":[{"count":6,"href":"https:\/\/edublog.educastur.es\/aulasverdes\/wp-json\/wp\/v2\/posts\/1649\/revisions"}],"predecessor-version":[{"id":1662,"href":"https:\/\/edublog.educastur.es\/aulasverdes\/wp-json\/wp\/v2\/posts\/1649\/revisions\/1662"}],"wp:featuredmedia":[{"embeddable":true,"href":"https:\/\/edublog.educastur.es\/aulasverdes\/wp-json\/wp\/v2\/media\/868"}],"wp:attachment":[{"href":"https:\/\/edublog.educastur.es\/aulasverdes\/wp-json\/wp\/v2\/media?parent=1649"}],"wp:term":[{"taxonomy":"category","embeddable":true,"href":"https:\/\/edublog.educastur.es\/aulasverdes\/wp-json\/wp\/v2\/categories?post=1649"},{"taxonomy":"post_tag","embeddable":true,"href":"https:\/\/edublog.educastur.es\/aulasverdes\/wp-json\/wp\/v2\/tags?post=1649"}],"curies":[{"name":"wp","href":"https:\/\/api.w.org\/{rel}","templated":true}]}}