{"id":1655,"date":"2025-02-12T10:09:00","date_gmt":"2025-02-12T10:09:00","guid":{"rendered":"https:\/\/edublog.educastur.es\/aulasverdes\/?p=1655"},"modified":"2025-02-12T10:09:00","modified_gmt":"2025-02-12T10:09:00","slug":"dia-de-la-paz-colegio-san-cucao","status":"publish","type":"post","link":"https:\/\/edublog.educastur.es\/aulasverdes\/2025\/02\/12\/dia-de-la-paz-colegio-san-cucao\/","title":{"rendered":"DIA DE LA PAZ. Colegio San Cucao"},"content":{"rendered":"<div class=\"x_x_x_x_x_x_elementToProof\" data-olk-copy-source=\"MessageBody\"><span style=\"font-family: arial, helvetica, sans-serif\">Uno de nuestros retos para ser Aula Verde de este trimestre es la carrera por la paz:<\/span><\/div>\n<div data-olk-copy-source=\"MessageBody\"><img loading=\"lazy\" decoding=\"async\" class=\"size-medium wp-image-1664 aligncenter\" src=\"http:\/\/edublog.educastur.es\/aulasverdes\/files\/2025\/02\/001_imagenesreales-300x169.jpg\" alt=\"\" width=\"300\" height=\"169\" srcset=\"https:\/\/edublog.educastur.es\/aulasverdes\/files\/2025\/02\/001_imagenesreales-300x169.jpg 300w, https:\/\/edublog.educastur.es\/aulasverdes\/files\/2025\/02\/001_imagenesreales-1024x576.jpg 1024w, https:\/\/edublog.educastur.es\/aulasverdes\/files\/2025\/02\/001_imagenesreales-768x432.jpg 768w, https:\/\/edublog.educastur.es\/aulasverdes\/files\/2025\/02\/001_imagenesreales-1536x864.jpg 1536w, https:\/\/edublog.educastur.es\/aulasverdes\/files\/2025\/02\/001_imagenesreales-2048x1152.jpg 2048w, https:\/\/edublog.educastur.es\/aulasverdes\/files\/2025\/02\/001_imagenesreales-1000x563.jpg 1000w, https:\/\/edublog.educastur.es\/aulasverdes\/files\/2025\/02\/001_imagenesreales-533x300.jpg 533w\" sizes=\"auto, (max-width: 300px) 100vw, 300px\" \/><\/div>\n<div class=\"x_x_x_x_x_x_elementToProof\" data-olk-copy-source=\"MessageBody\"><span style=\"font-family: arial, helvetica, sans-serif\">Nuestros amigos del colegio San Cucao han querido compartir con nosotros la actividad tan interesante que hicieron.\u00a0<\/span><\/div>\n<div data-olk-copy-source=\"MessageBody\"><img loading=\"lazy\" decoding=\"async\" class=\"size-medium wp-image-1666 aligncenter\" src=\"http:\/\/edublog.educastur.es\/aulasverdes\/files\/2025\/02\/IMG-20250125-WA0027-300x225.jpg\" alt=\"\" width=\"300\" height=\"225\" srcset=\"https:\/\/edublog.educastur.es\/aulasverdes\/files\/2025\/02\/IMG-20250125-WA0027-300x225.jpg 300w, https:\/\/edublog.educastur.es\/aulasverdes\/files\/2025\/02\/IMG-20250125-WA0027-1024x768.jpg 1024w, https:\/\/edublog.educastur.es\/aulasverdes\/files\/2025\/02\/IMG-20250125-WA0027-768x576.jpg 768w, https:\/\/edublog.educastur.es\/aulasverdes\/files\/2025\/02\/IMG-20250125-WA0027-1536x1152.jpg 1536w, https:\/\/edublog.educastur.es\/aulasverdes\/files\/2025\/02\/IMG-20250125-WA0027-1000x750.jpg 1000w, https:\/\/edublog.educastur.es\/aulasverdes\/files\/2025\/02\/IMG-20250125-WA0027-400x300.jpg 400w, https:\/\/edublog.educastur.es\/aulasverdes\/files\/2025\/02\/IMG-20250125-WA0027.jpg 2048w\" sizes=\"auto, (max-width: 300px) 100vw, 300px\" \/><\/div>\n<div data-olk-copy-source=\"MessageBody\"><\/div>\n<div data-olk-copy-source=\"MessageBody\">\n<div class=\"x_x_x_x_x_x_elementToProof\"><span style=\"font-family: arial, helvetica, sans-serif\"><strong>El pasado jueves 23 de enero<\/strong> vino a visitarnos al colegio, Jos\u00e9 Luis Capit\u00e1n, maestro y atleta de \u00e9lite que tiene la enfermedad de E.L.A. Nos dio una emocionante charla que nos conmovi\u00f3 mucho y que mostr\u00f3 la fortaleza y ganas de vivir de este deportista. El es todo un ejemplo de valent\u00eda y superaci\u00f3n para todos nosotros y nosotras.<\/span><\/div>\n<\/div>\n<div><img loading=\"lazy\" decoding=\"async\" class=\"size-medium wp-image-1665 aligncenter\" src=\"http:\/\/edublog.educastur.es\/aulasverdes\/files\/2025\/02\/IMG-20250125-WA0024-1-300x217.jpg\" alt=\"\" width=\"300\" height=\"217\" srcset=\"https:\/\/edublog.educastur.es\/aulasverdes\/files\/2025\/02\/IMG-20250125-WA0024-1-300x217.jpg 300w, https:\/\/edublog.educastur.es\/aulasverdes\/files\/2025\/02\/IMG-20250125-WA0024-1-1024x742.jpg 1024w, https:\/\/edublog.educastur.es\/aulasverdes\/files\/2025\/02\/IMG-20250125-WA0024-1-768x556.jpg 768w, https:\/\/edublog.educastur.es\/aulasverdes\/files\/2025\/02\/IMG-20250125-WA0024-1-1000x724.jpg 1000w, https:\/\/edublog.educastur.es\/aulasverdes\/files\/2025\/02\/IMG-20250125-WA0024-1-414x300.jpg 414w, https:\/\/edublog.educastur.es\/aulasverdes\/files\/2025\/02\/IMG-20250125-WA0024-1.jpg 1229w\" sizes=\"auto, (max-width: 300px) 100vw, 300px\" \/><\/div>\n<div><\/div>\n<div class=\"x_x_x_x_x_x_elementToProof\" data-olk-copy-source=\"MessageBody\"><span style=\"font-family: arial, helvetica, sans-serif\">El viernes 2<strong>4 de enero<\/strong> realizamos como cada a\u00f1o, nuestra Carrera solidaria, con motivo del d\u00eda de la Paz.\u00a0<\/span><\/div>\n<div class=\"x_x_x_x_x_x_elementToProof\" data-olk-copy-source=\"MessageBody\"><span style=\"font-family: arial, helvetica, sans-serif\">Nuestros alumnos\/as dan vueltas al colegio y, por cada vuelta, las familias de cada alumno dan un dinero voluntario. Al final el dinero conseguido se dona a una O.N.G. o entidad solidaria.<\/span><\/div>\n<div class=\"x_x_x_x_x_x_elementToProof\"><span style=\"font-family: arial, helvetica, sans-serif\">Este curso, hemos decidido entre todos donar lo que conseguimos a la Asociaci\u00f3n de enfermos de E.L.A. Principado<\/span><\/div>\n<div><\/div>\n<div><\/div>\n<div><span style=\"font-family: arial, helvetica, sans-serif\">La actividad del colegio San Cucao ha salido en el peri\u00f3dico.<\/span><\/div>\n<div><\/div>\n<div><\/div>\n<div><a href=\"https:\/\/www.lne.es\/llanera\/2025\/01\/24\/llanera-solidaria-escolares-colegio-publico-113674833.html\" target=\"_blank\" rel=\"noopener\">ENLACE NOTICIA PERIODICO<\/a><\/div>\n<div><\/div>\n<div><span style=\"font-family: arial, helvetica, sans-serif\">Nos gustar\u00eda dar las gracias a todas las personas implicadas en esta actividad tan interesante, adem\u00e1s de nuestra enhorabuena por el dinero recaudado para la Asociaci\u00f3n de Enfermos de ELA, que ser\u00e1 usado para tratamientos y material para los pacientes de ELA de la regi\u00f3n.<\/span><\/div>\n<div><\/div>\n<div style=\"text-align: center\"><span style=\"font-family: 'arial black', sans-serif;color: #008000\">Si quieres saber m\u00e1s o colaborar en esta causa esta es la direcci\u00f3n web.<\/span><\/div>\n<div><\/div>\n<div><a href=\"https:\/\/ela-principado.es\/\">ENLACE WEB ASOCIACION ELA PRINCIPADO<\/a><\/div>\n<div><\/div>\n<div><\/div>\n<div><\/div>\n<div><\/div>\n<div><\/div>\n<div><\/div>\n","protected":false},"excerpt":{"rendered":"<p>Uno de nuestros retos para ser Aula Verde de este trimestre es la carrera por la paz: Nuestros amigos del colegio San Cucao han querido compartir con nosotros la actividad tan interesante que hicieron.\u00a0 El pasado jueves 23 de enero vino a visitarnos al colegio, Jos\u00e9 Luis Capit\u00e1n, maestro y atleta de \u00e9lite que tiene [&hellip;]<\/p>\n","protected":false},"author":917,"featured_media":0,"comment_status":"open","ping_status":"open","sticky":false,"template":"","format":"standard","meta":{"footnotes":""},"categories":[12,11,14],"tags":[],"class_list":["post-1655","post","type-post","status-publish","format-standard","hentry","category-dias-especiales","category-familias","category-noticias"],"_links":{"self":[{"href":"https:\/\/edublog.educastur.es\/aulasverdes\/wp-json\/wp\/v2\/posts\/1655","targetHints":{"allow":["GET"]}}],"collection":[{"href":"https:\/\/edublog.educastur.es\/aulasverdes\/wp-json\/wp\/v2\/posts"}],"about":[{"href":"https:\/\/edublog.educastur.es\/aulasverdes\/wp-json\/wp\/v2\/types\/post"}],"author":[{"embeddable":true,"href":"https:\/\/edublog.educastur.es\/aulasverdes\/wp-json\/wp\/v2\/users\/917"}],"replies":[{"embeddable":true,"href":"https:\/\/edublog.educastur.es\/aulasverdes\/wp-json\/wp\/v2\/comments?post=1655"}],"version-history":[{"count":9,"href":"https:\/\/edublog.educastur.es\/aulasverdes\/wp-json\/wp\/v2\/posts\/1655\/revisions"}],"predecessor-version":[{"id":1670,"href":"https:\/\/edublog.educastur.es\/aulasverdes\/wp-json\/wp\/v2\/posts\/1655\/revisions\/1670"}],"wp:attachment":[{"href":"https:\/\/edublog.educastur.es\/aulasverdes\/wp-json\/wp\/v2\/media?parent=1655"}],"wp:term":[{"taxonomy":"category","embeddable":true,"href":"https:\/\/edublog.educastur.es\/aulasverdes\/wp-json\/wp\/v2\/categories?post=1655"},{"taxonomy":"post_tag","embeddable":true,"href":"https:\/\/edublog.educastur.es\/aulasverdes\/wp-json\/wp\/v2\/tags?post=1655"}],"curies":[{"name":"wp","href":"https:\/\/api.w.org\/{rel}","templated":true}]}}