{"id":1673,"date":"2025-03-21T09:30:00","date_gmt":"2025-03-21T09:30:00","guid":{"rendered":"https:\/\/edublog.educastur.es\/aulasverdes\/?p=1673"},"modified":"2025-03-24T21:05:50","modified_gmt":"2025-03-24T21:05:50","slug":"dia-del-agua","status":"publish","type":"post","link":"https:\/\/edublog.educastur.es\/aulasverdes\/2025\/03\/21\/dia-del-agua\/","title":{"rendered":"Dia del agua"},"content":{"rendered":"<p style=\"text-align: center\"><span style=\"font-family: 'arial black', sans-serif;color: #0000ff\">El d\u00eda 22 de marzo se celebr\u00f3 el d\u00eda mundial del agua.<\/span><\/p>\n<p><span style=\"font-family: arial, helvetica, sans-serif\">El objetivo de este d\u00eda es concienciar de la importancia del agua <\/span><span style=\"font-family: arial, helvetica, sans-serif\">de la necesidad de cuidarla.<\/span><\/p>\n<p><span style=\"font-family: 'arial black', sans-serif\">Este curso del proyecto en el que trabajamos todos y todas en el cole es: EL AGUA<\/span><\/p>\n<p><span style=\"font-family: arial, helvetica, sans-serif\">Estamos haciendo muchas cosas:<\/span><\/p>\n<p><span style=\"font-family: arial, helvetica, sans-serif\">&#8211; Carteles con consejos para cuidar el agua.<\/span><\/p>\n<p><span style=\"font-family: arial, helvetica, sans-serif\">&#8211; Exposici\u00f3n de la Mareona.\u00a0<\/span><\/p>\n<p><span style=\"font-family: arial, helvetica, sans-serif\">&#8211; Pasillos decorados.<\/span><\/p>\n<p><span style=\"font-family: arial, helvetica, sans-serif\">&#8211; Red para el reto \u00abLA MAR DE PL\u00c1STICOS\u00bb<\/span><\/p>\n<p><span style=\"font-family: arial, helvetica, sans-serif\">&#8211; Obras de arte.<\/span><\/p>\n<p><span style=\"font-family: arial, helvetica, sans-serif\">&#8211; Experimentos acu\u00e1ticos.<\/span><\/p>\n<p><span style=\"font-family: arial, helvetica, sans-serif\">&#8211; Talleres en el cole.<\/span><\/p>\n<p><span style=\"font-family: arial, helvetica, sans-serif\">-Exposici\u00f3n pesca sostenible.\u00a0<\/span><\/p>\n<p><span style=\"font-family: arial, helvetica, sans-serif\">Os vamos a ense\u00f1ar en este video como est\u00e1 quedando decorado nuestro cole:<\/span><\/p>\n\n<!-- iframe plugin v.6.0 wordpress.org\/plugins\/iframe\/ -->\n<iframe loading=\"lazy\" width=\"400\" height=\"400\" src=\"https:\/\/www.youtube.com\/embed\/SnN4nJHERWg?si=OD9n-kM5Ko1ziCNv\" title=\"YouTube video player\" frameborder=\"0\" allow=\"accelerometer; autoplay; clipboard-write; encrypted-media; gyroscope; picture-in-picture; web-share\" referrerpolicy=\"strict-origin-when-cross-origin\" 0=\"allowfullscreen&gt;&lt;\/iframe\" scrolling=\"yes\" class=\"iframe-class\"><\/iframe>\n\n<p><span style=\"font-family: arial, helvetica, sans-serif\">Si quieres saber m\u00e1s sobre este d\u00eda:\u00a0<\/span><\/p>\n<p><a href=\"https:\/\/diainternacional.org\/del-agua\/\" target=\"_blank\" rel=\"noopener\">PULSA PARA VER ENLACE<\/a><\/p>\n<p>&nbsp;<\/p>\n<p>&nbsp;<\/p>\n<p>&nbsp;<\/p>\n<p>&nbsp;<\/p>\n<p>&nbsp;<\/p>\n","protected":false},"excerpt":{"rendered":"<p>El d\u00eda 22 de marzo se celebr\u00f3 el d\u00eda mundial del agua. El objetivo de este d\u00eda es concienciar de la importancia del agua de la necesidad de cuidarla. Este curso del proyecto en el que trabajamos todos y todas en el cole es: EL AGUA Estamos haciendo muchas cosas: &#8211; Carteles con consejos para [&hellip;]<\/p>\n","protected":false},"author":917,"featured_media":1237,"comment_status":"open","ping_status":"open","sticky":false,"template":"","format":"standard","meta":{"footnotes":""},"categories":[12],"tags":[],"class_list":["post-1673","post","type-post","status-publish","format-standard","has-post-thumbnail","hentry","category-dias-especiales"],"_links":{"self":[{"href":"https:\/\/edublog.educastur.es\/aulasverdes\/wp-json\/wp\/v2\/posts\/1673","targetHints":{"allow":["GET"]}}],"collection":[{"href":"https:\/\/edublog.educastur.es\/aulasverdes\/wp-json\/wp\/v2\/posts"}],"about":[{"href":"https:\/\/edublog.educastur.es\/aulasverdes\/wp-json\/wp\/v2\/types\/post"}],"author":[{"embeddable":true,"href":"https:\/\/edublog.educastur.es\/aulasverdes\/wp-json\/wp\/v2\/users\/917"}],"replies":[{"embeddable":true,"href":"https:\/\/edublog.educastur.es\/aulasverdes\/wp-json\/wp\/v2\/comments?post=1673"}],"version-history":[{"count":10,"href":"https:\/\/edublog.educastur.es\/aulasverdes\/wp-json\/wp\/v2\/posts\/1673\/revisions"}],"predecessor-version":[{"id":1728,"href":"https:\/\/edublog.educastur.es\/aulasverdes\/wp-json\/wp\/v2\/posts\/1673\/revisions\/1728"}],"wp:featuredmedia":[{"embeddable":true,"href":"https:\/\/edublog.educastur.es\/aulasverdes\/wp-json\/wp\/v2\/media\/1237"}],"wp:attachment":[{"href":"https:\/\/edublog.educastur.es\/aulasverdes\/wp-json\/wp\/v2\/media?parent=1673"}],"wp:term":[{"taxonomy":"category","embeddable":true,"href":"https:\/\/edublog.educastur.es\/aulasverdes\/wp-json\/wp\/v2\/categories?post=1673"},{"taxonomy":"post_tag","embeddable":true,"href":"https:\/\/edublog.educastur.es\/aulasverdes\/wp-json\/wp\/v2\/tags?post=1673"}],"curies":[{"name":"wp","href":"https:\/\/api.w.org\/{rel}","templated":true}]}}