{"id":1679,"date":"2025-03-10T18:20:38","date_gmt":"2025-03-10T18:20:38","guid":{"rendered":"https:\/\/edublog.educastur.es\/aulasverdes\/?p=1679"},"modified":"2025-03-13T16:15:17","modified_gmt":"2025-03-13T16:15:17","slug":"premio-aps-ii-entrevista-de-radiello","status":"publish","type":"post","link":"https:\/\/edublog.educastur.es\/aulasverdes\/2025\/03\/10\/premio-aps-ii-entrevista-de-radiello\/","title":{"rendered":"Premio APS II. Entrevista de Radiello"},"content":{"rendered":"<div>\n<p><span style=\"font-family: arial, helvetica, sans-serif\">El jueves 20 de febrero recibimos la visita de <strong>Sonia Segarra, coordinadora del Grupo Territorial ApS Asturias.<\/strong><\/span><\/p>\n<p><span style=\"font-family: arial, helvetica, sans-serif\">Vino a entregarnos un diploma que ella hab\u00eda recogido en nuestro nombre en M\u00e9rida el pasado mes de diciembre, como<span style=\"color: #339966;font-size: 14pt\"> <strong>finalistas de los Premios Aprendizaje Servicio 2024.<\/strong><\/span><\/span><\/p>\n<p><img loading=\"lazy\" decoding=\"async\" class=\"size-medium wp-image-1680 aligncenter\" src=\"http:\/\/edublog.educastur.es\/aulasverdes\/files\/2025\/03\/entrega-297x300.jpg\" alt=\"\" width=\"297\" height=\"300\" srcset=\"https:\/\/edublog.educastur.es\/aulasverdes\/files\/2025\/03\/entrega-297x300.jpg 297w, https:\/\/edublog.educastur.es\/aulasverdes\/files\/2025\/03\/entrega-768x776.jpg 768w, https:\/\/edublog.educastur.es\/aulasverdes\/files\/2025\/03\/entrega-85x85.jpg 85w, https:\/\/edublog.educastur.es\/aulasverdes\/files\/2025\/03\/entrega-1000x1010.jpg 1000w, https:\/\/edublog.educastur.es\/aulasverdes\/files\/2025\/03\/entrega.jpg 1015w\" sizes=\"auto, (max-width: 297px) 100vw, 297px\" \/><\/p>\n<p><span style=\"font-family: arial, helvetica, sans-serif\">Las clases <strong>EBO II H y J<\/strong> que certifican los retos para ser Aula Verde del colegio la Corolla le ense\u00f1aron la red \u201cla mar de pl\u00e1sticos\u201d. Adem\u00e1s, colocaron un pez y una medusa fabricados por alumnado de su centro con residuos recogidos de un paseo por su entorno.<\/span><\/p>\n<p><img loading=\"lazy\" decoding=\"async\" class=\"size-medium wp-image-1681 aligncenter\" src=\"http:\/\/edublog.educastur.es\/aulasverdes\/files\/2025\/03\/peces-300x225.jpg\" alt=\"\" width=\"300\" height=\"225\" srcset=\"https:\/\/edublog.educastur.es\/aulasverdes\/files\/2025\/03\/peces-300x225.jpg 300w, https:\/\/edublog.educastur.es\/aulasverdes\/files\/2025\/03\/peces-1024x768.jpg 1024w, https:\/\/edublog.educastur.es\/aulasverdes\/files\/2025\/03\/peces-768x576.jpg 768w, https:\/\/edublog.educastur.es\/aulasverdes\/files\/2025\/03\/peces-1536x1152.jpg 1536w, https:\/\/edublog.educastur.es\/aulasverdes\/files\/2025\/03\/peces-1000x750.jpg 1000w, https:\/\/edublog.educastur.es\/aulasverdes\/files\/2025\/03\/peces-400x300.jpg 400w, https:\/\/edublog.educastur.es\/aulasverdes\/files\/2025\/03\/peces.jpg 2048w\" sizes=\"auto, (max-width: 300px) 100vw, 300px\" \/><\/p>\n<p><span style=\"font-family: arial, helvetica, sans-serif\">Luego, los grupos <strong>TVA E y B<\/strong> le hicieron una entrevista en nuestra radio \u201cRadiello\u201d, fue muy interesante.<\/span><\/p>\n<p><img loading=\"lazy\" decoding=\"async\" class=\"wp-image-1683 size-medium aligncenter\" src=\"http:\/\/edublog.educastur.es\/aulasverdes\/files\/2025\/03\/radio2-e1741630286751-300x199.jpg\" alt=\"\" width=\"300\" height=\"199\" srcset=\"https:\/\/edublog.educastur.es\/aulasverdes\/files\/2025\/03\/radio2-e1741630286751-300x199.jpg 300w, https:\/\/edublog.educastur.es\/aulasverdes\/files\/2025\/03\/radio2-e1741630286751-1024x680.jpg 1024w, https:\/\/edublog.educastur.es\/aulasverdes\/files\/2025\/03\/radio2-e1741630286751-768x510.jpg 768w, https:\/\/edublog.educastur.es\/aulasverdes\/files\/2025\/03\/radio2-e1741630286751-1536x1020.jpg 1536w, https:\/\/edublog.educastur.es\/aulasverdes\/files\/2025\/03\/radio2-e1741630286751-1000x664.jpg 1000w, https:\/\/edublog.educastur.es\/aulasverdes\/files\/2025\/03\/radio2-e1741630286751-452x300.jpg 452w, https:\/\/edublog.educastur.es\/aulasverdes\/files\/2025\/03\/radio2-e1741630286751.jpg 2020w\" sizes=\"auto, (max-width: 300px) 100vw, 300px\" \/><\/p>\n\n<!-- iframe plugin v.6.0 wordpress.org\/plugins\/iframe\/ -->\n<iframe loading=\"lazy\" src=\"https:\/\/www.ivoox.com\/player_ej_141116670_6_1.html?c1=e4340c\" width=\"100%\" height=\"200\" frameborder=\"0\" allowfullscreen scrolling=\"no\" 0=\"loading=&quot;lazy&quot;&gt;&lt;\/iframe\" class=\"iframe-class\"><\/iframe>\n\n<p><span style=\"font-family: arial, helvetica, sans-serif\">Adem\u00e1s, nos cont\u00f3 que en su colegio hay unas alumnas que act\u00faan como mentoras y que se encargan de ayudar a los m\u00e1s peque\u00f1os en la realizaci\u00f3n de nuestros retos, nos ha encantado la idea y muchas gracias chicas por ser nuestras representantes. Os la presentamos son Irene, Irene y Sara:\u00a0<\/span><\/p>\n<p><img loading=\"lazy\" decoding=\"async\" class=\"alignnone size-medium wp-image-1694 aligncenter\" src=\"http:\/\/edublog.educastur.es\/aulasverdes\/files\/2025\/03\/mentoras-Corolla-225x300.jpeg\" alt=\"\" width=\"225\" height=\"300\" srcset=\"https:\/\/edublog.educastur.es\/aulasverdes\/files\/2025\/03\/mentoras-Corolla-225x300.jpeg 225w, https:\/\/edublog.educastur.es\/aulasverdes\/files\/2025\/03\/mentoras-Corolla-768x1024.jpeg 768w, https:\/\/edublog.educastur.es\/aulasverdes\/files\/2025\/03\/mentoras-Corolla-1152x1536.jpeg 1152w, https:\/\/edublog.educastur.es\/aulasverdes\/files\/2025\/03\/mentoras-Corolla-1000x1333.jpeg 1000w, https:\/\/edublog.educastur.es\/aulasverdes\/files\/2025\/03\/mentoras-Corolla.jpeg 1500w\" sizes=\"auto, (max-width: 225px) 100vw, 225px\" \/><\/p>\n<\/div>\n<div>\n<p><span style=\"font-family: arial, helvetica, sans-serif\">Nos ha gustado mucho la visita de Sonia, pronto iremos a haceros una visita al Colegio La Corolla. Y gracias por traernos nuestro diploma, ya lo hemos colocado en nuestra vitrina de premios. El pr\u00f3ximo a\u00f1o volveremos a presentar el proyecto a los premios.\u00a0<\/span><\/p>\n<p><img loading=\"lazy\" decoding=\"async\" class=\"size-medium wp-image-1641 aligncenter\" src=\"http:\/\/edublog.educastur.es\/aulasverdes\/files\/2024\/12\/foto-diploma-APs-300x226.jpg\" alt=\"\" width=\"300\" height=\"226\" srcset=\"https:\/\/edublog.educastur.es\/aulasverdes\/files\/2024\/12\/foto-diploma-APs-300x226.jpg 300w, https:\/\/edublog.educastur.es\/aulasverdes\/files\/2024\/12\/foto-diploma-APs-1024x771.jpg 1024w, https:\/\/edublog.educastur.es\/aulasverdes\/files\/2024\/12\/foto-diploma-APs-768x578.jpg 768w, https:\/\/edublog.educastur.es\/aulasverdes\/files\/2024\/12\/foto-diploma-APs-1536x1156.jpg 1536w, https:\/\/edublog.educastur.es\/aulasverdes\/files\/2024\/12\/foto-diploma-APs-1000x752.jpg 1000w, https:\/\/edublog.educastur.es\/aulasverdes\/files\/2024\/12\/foto-diploma-APs-399x300.jpg 399w, https:\/\/edublog.educastur.es\/aulasverdes\/files\/2024\/12\/foto-diploma-APs.jpg 1604w\" sizes=\"auto, (max-width: 300px) 100vw, 300px\" \/><\/p>\n<\/div>\n<div><\/div>\n<div><span style=\"font-family: arial, helvetica, sans-serif;font-size: 14pt\">Si quieres saber m\u00e1s sobre los proyectos de Aprendizaje Servicio:<\/span><\/div>\n<div><span style=\"font-family: 'arial black', sans-serif\"><a href=\"https:\/\/aprendizajeservicio.com\/\" target=\"_blank\" rel=\"noopener\">Proyectos Aprendizaje Servicio<\/a><\/span><\/div>\n<div><span style=\"font-family: 'arial black', sans-serif\"><a href=\"https:\/\/elpais.com\/extra\/colegios\/2025-03-09\/el-compromiso-social-tambien-se-educa.html\" target=\"_blank\" rel=\"noopener\">Articulo del peri\u00f3dico: el compromiso social tambi\u00e9n educa.<\/a><\/span><\/div>\n","protected":false},"excerpt":{"rendered":"<p>El jueves 20 de febrero recibimos la visita de Sonia Segarra, coordinadora del Grupo Territorial ApS Asturias. Vino a entregarnos un diploma que ella hab\u00eda recogido en nuestro nombre en M\u00e9rida el pasado mes de diciembre, como finalistas de los Premios Aprendizaje Servicio 2024. Las clases EBO II H y J que certifican los retos [&hellip;]<\/p>\n","protected":false},"author":917,"featured_media":1693,"comment_status":"open","ping_status":"open","sticky":false,"template":"","format":"standard","meta":{"footnotes":""},"categories":[14,23],"tags":[],"class_list":["post-1679","post","type-post","status-publish","format-standard","has-post-thumbnail","hentry","category-noticias","category-radio"],"_links":{"self":[{"href":"https:\/\/edublog.educastur.es\/aulasverdes\/wp-json\/wp\/v2\/posts\/1679","targetHints":{"allow":["GET"]}}],"collection":[{"href":"https:\/\/edublog.educastur.es\/aulasverdes\/wp-json\/wp\/v2\/posts"}],"about":[{"href":"https:\/\/edublog.educastur.es\/aulasverdes\/wp-json\/wp\/v2\/types\/post"}],"author":[{"embeddable":true,"href":"https:\/\/edublog.educastur.es\/aulasverdes\/wp-json\/wp\/v2\/users\/917"}],"replies":[{"embeddable":true,"href":"https:\/\/edublog.educastur.es\/aulasverdes\/wp-json\/wp\/v2\/comments?post=1679"}],"version-history":[{"count":13,"href":"https:\/\/edublog.educastur.es\/aulasverdes\/wp-json\/wp\/v2\/posts\/1679\/revisions"}],"predecessor-version":[{"id":1723,"href":"https:\/\/edublog.educastur.es\/aulasverdes\/wp-json\/wp\/v2\/posts\/1679\/revisions\/1723"}],"wp:featuredmedia":[{"embeddable":true,"href":"https:\/\/edublog.educastur.es\/aulasverdes\/wp-json\/wp\/v2\/media\/1693"}],"wp:attachment":[{"href":"https:\/\/edublog.educastur.es\/aulasverdes\/wp-json\/wp\/v2\/media?parent=1679"}],"wp:term":[{"taxonomy":"category","embeddable":true,"href":"https:\/\/edublog.educastur.es\/aulasverdes\/wp-json\/wp\/v2\/categories?post=1679"},{"taxonomy":"post_tag","embeddable":true,"href":"https:\/\/edublog.educastur.es\/aulasverdes\/wp-json\/wp\/v2\/tags?post=1679"}],"curies":[{"name":"wp","href":"https:\/\/api.w.org\/{rel}","templated":true}]}}