{"id":1791,"date":"2025-04-25T10:36:13","date_gmt":"2025-04-25T10:36:13","guid":{"rendered":"https:\/\/edublog.educastur.es\/aulasverdes\/?p=1791"},"modified":"2025-04-25T10:36:13","modified_gmt":"2025-04-25T10:36:13","slug":"dia-de-la-tierra-dia-del-libro","status":"publish","type":"post","link":"https:\/\/edublog.educastur.es\/aulasverdes\/2025\/04\/25\/dia-de-la-tierra-dia-del-libro\/","title":{"rendered":"DIA DE LA TIERRA+ DIA DEL LIBRO"},"content":{"rendered":"<p><span style=\"font-family: arial, helvetica, sans-serif\">El pasado 22 de abril se celebr\u00f3 el d\u00eda de la tierra, nuestro planeta. Queremos lanzar este mensaje: <\/span><br \/>\n<span style=\"font-family: 'arial black', sans-serif;color: #008000\">Si entiendes lo hermosa y \u00fanica que es la Tierra, querr\u00e1s hacer m\u00e1s cosas para cuidarla. \ud83c\udf0d\ud83d\udc9a<\/span><\/p>\n<p>Nos ha gustado mucho este video realizado por la NASA donde vemos la tierra desde distintos puntos de vista.<\/p>\n\n<!-- iframe plugin v.6.0 wordpress.org\/plugins\/iframe\/ -->\n<iframe loading=\"lazy\" width=\"500\" height=\"500\" src=\"https:\/\/www.youtube.com\/embed\/3WOTmRdy8tg?si=qs2584yWWlWbjgz-\" title=\"YouTube video player\" frameborder=\"0\" allow=\"accelerometer; autoplay; clipboard-write; encrypted-media; gyroscope; picture-in-picture; web-share\" referrerpolicy=\"strict-origin-when-cross-origin\" 0=\"allowfullscreen&gt;&lt;\/iframe\" scrolling=\"yes\" class=\"iframe-class\"><\/iframe>\n\n<p><a href=\"https:\/\/youtu.be\/WS2zN2Ihexc?feature=shared\" target=\"_blank\" rel=\"noopener\">VIDEO CON CONSEJOS PARA CUIDAR LA TIERRA<\/a><\/p>\n<p><img loading=\"lazy\" decoding=\"async\" class=\"size-medium wp-image-1800 aligncenter\" src=\"http:\/\/edublog.educastur.es\/aulasverdes\/files\/2025\/04\/IMG-20250411-WA0012-226x300.jpg\" alt=\"\" width=\"226\" height=\"300\" \/><\/p>\n<p><span style=\"font-family: arial, helvetica, sans-serif\">Adem\u00e1s el pasado <span style=\"font-family: 'arial black', sans-serif\">23 de abril se celebra el d\u00eda del libro,<\/span> en nuestro centro lanzamos un reto muy especial <span style=\"font-family: 'arial black', sans-serif;color: #008000\">UN MENSAJE UN LIBRO<\/span>, en un mismo \u00e1rbol lo hemos colocado.\u00a0<\/span><\/p>\n<p><img loading=\"lazy\" decoding=\"async\" class=\"size-medium wp-image-1802 aligncenter\" src=\"http:\/\/edublog.educastur.es\/aulasverdes\/files\/2025\/04\/InCollage_20250425_101542048-min-2-300x300.jpg\" alt=\"\" width=\"300\" height=\"300\" \/><\/p>\n<p>&nbsp;<\/p>\n<p>&nbsp;<\/p>\n<p>&nbsp;<\/p>\n","protected":false},"excerpt":{"rendered":"<p>El pasado 22 de abril se celebr\u00f3 el d\u00eda de la tierra, nuestro planeta. Queremos lanzar este mensaje: Si entiendes lo hermosa y \u00fanica que es la Tierra, querr\u00e1s hacer m\u00e1s cosas para cuidarla. \ud83c\udf0d\ud83d\udc9a Nos ha gustado mucho este video realizado por la NASA donde vemos la tierra desde distintos puntos de vista. VIDEO [&hellip;]<\/p>\n","protected":false},"author":917,"featured_media":680,"comment_status":"open","ping_status":"open","sticky":false,"template":"","format":"standard","meta":{"footnotes":""},"categories":[12,24],"tags":[],"class_list":["post-1791","post","type-post","status-publish","format-standard","has-post-thumbnail","hentry","category-dias-especiales","category-retos-aulas-verdes"],"_links":{"self":[{"href":"https:\/\/edublog.educastur.es\/aulasverdes\/wp-json\/wp\/v2\/posts\/1791","targetHints":{"allow":["GET"]}}],"collection":[{"href":"https:\/\/edublog.educastur.es\/aulasverdes\/wp-json\/wp\/v2\/posts"}],"about":[{"href":"https:\/\/edublog.educastur.es\/aulasverdes\/wp-json\/wp\/v2\/types\/post"}],"author":[{"embeddable":true,"href":"https:\/\/edublog.educastur.es\/aulasverdes\/wp-json\/wp\/v2\/users\/917"}],"replies":[{"embeddable":true,"href":"https:\/\/edublog.educastur.es\/aulasverdes\/wp-json\/wp\/v2\/comments?post=1791"}],"version-history":[{"count":9,"href":"https:\/\/edublog.educastur.es\/aulasverdes\/wp-json\/wp\/v2\/posts\/1791\/revisions"}],"predecessor-version":[{"id":1806,"href":"https:\/\/edublog.educastur.es\/aulasverdes\/wp-json\/wp\/v2\/posts\/1791\/revisions\/1806"}],"wp:featuredmedia":[{"embeddable":true,"href":"https:\/\/edublog.educastur.es\/aulasverdes\/wp-json\/wp\/v2\/media\/680"}],"wp:attachment":[{"href":"https:\/\/edublog.educastur.es\/aulasverdes\/wp-json\/wp\/v2\/media?parent=1791"}],"wp:term":[{"taxonomy":"category","embeddable":true,"href":"https:\/\/edublog.educastur.es\/aulasverdes\/wp-json\/wp\/v2\/categories?post=1791"},{"taxonomy":"post_tag","embeddable":true,"href":"https:\/\/edublog.educastur.es\/aulasverdes\/wp-json\/wp\/v2\/tags?post=1791"}],"curies":[{"name":"wp","href":"https:\/\/api.w.org\/{rel}","templated":true}]}}