{"id":180,"date":"2021-10-19T14:30:13","date_gmt":"2021-10-19T14:30:13","guid":{"rendered":"https:\/\/edublog.educastur.es\/aulasverdes\/?p=180"},"modified":"2021-11-05T12:05:51","modified_gmt":"2021-11-05T12:05:51","slug":"trasplantar","status":"publish","type":"post","link":"https:\/\/edublog.educastur.es\/aulasverdes\/2021\/10\/19\/trasplantar\/","title":{"rendered":"TRASPLANTAR"},"content":{"rendered":"<p><span style=\"font-family: arial, helvetica, sans-serif;font-size: 14pt\">Seguimos\u00a0 haciendo nuevas tareas en el taller de agraria. <\/span><\/p>\n<p><span style=\"font-family: arial, helvetica, sans-serif;font-size: 14pt\">Esta semana estuvimos trasplantando.<\/span><\/p>\n<p><span style=\"font-family: arial, helvetica, sans-serif;font-size: 14pt\"><strong>Trasplantar<\/strong> es cuando trasladamos plantas de una maceta m\u00e1s peque\u00f1a a otra m\u00e1s grande. <\/span><\/p>\n<p><span style=\"font-family: arial, helvetica, sans-serif;font-size: 14pt\">Las plantas crecen m\u00e1s fuertes, sanas y florecen mejor. <\/span><\/p>\n<p><strong><span style=\"font-family: arial, helvetica, sans-serif;font-size: 14pt\">Esta es nuestra forma de celebrar el d\u00eda de las Frutas y las Verduras que es el 15 de octubre.<\/span><\/strong><\/p>\n<p><img loading=\"lazy\" decoding=\"async\" class=\"size-medium wp-image-182 aligncenter\" src=\"http:\/\/edublog.educastur.es\/aulasverdes\/files\/2021\/10\/trasplantar2-1-300x169.jpg\" alt=\"\" width=\"300\" height=\"169\" \/><\/p>\n<p style=\"text-align: right\"><span style=\"font-family: arial, helvetica, sans-serif;font-size: 14pt\"><strong><span style=\"font-family: arial, helvetica, sans-serif;font-size: 14pt;color: #99cc00\">Pulsa en la entrada si quieres poner un comentario. Gracias<\/span><\/strong><\/span><\/p>\n","protected":false},"excerpt":{"rendered":"<p>Seguimos\u00a0 haciendo nuevas tareas en el taller de agraria. Esta semana estuvimos trasplantando. Trasplantar es cuando trasladamos plantas de una maceta m\u00e1s peque\u00f1a a otra m\u00e1s grande. Las plantas crecen m\u00e1s fuertes, sanas y florecen mejor. Esta es nuestra forma de celebrar el d\u00eda de las Frutas y las Verduras que es el 15 de [&hellip;]<\/p>\n","protected":false},"author":917,"featured_media":0,"comment_status":"open","ping_status":"open","sticky":false,"template":"","format":"aside","meta":{"footnotes":""},"categories":[5,7],"tags":[],"class_list":["post-180","post","type-post","status-publish","format-aside","hentry","category-experiencias","category-huerto","post_format-post-format-aside"],"_links":{"self":[{"href":"https:\/\/edublog.educastur.es\/aulasverdes\/wp-json\/wp\/v2\/posts\/180","targetHints":{"allow":["GET"]}}],"collection":[{"href":"https:\/\/edublog.educastur.es\/aulasverdes\/wp-json\/wp\/v2\/posts"}],"about":[{"href":"https:\/\/edublog.educastur.es\/aulasverdes\/wp-json\/wp\/v2\/types\/post"}],"author":[{"embeddable":true,"href":"https:\/\/edublog.educastur.es\/aulasverdes\/wp-json\/wp\/v2\/users\/917"}],"replies":[{"embeddable":true,"href":"https:\/\/edublog.educastur.es\/aulasverdes\/wp-json\/wp\/v2\/comments?post=180"}],"version-history":[{"count":3,"href":"https:\/\/edublog.educastur.es\/aulasverdes\/wp-json\/wp\/v2\/posts\/180\/revisions"}],"predecessor-version":[{"id":260,"href":"https:\/\/edublog.educastur.es\/aulasverdes\/wp-json\/wp\/v2\/posts\/180\/revisions\/260"}],"wp:attachment":[{"href":"https:\/\/edublog.educastur.es\/aulasverdes\/wp-json\/wp\/v2\/media?parent=180"}],"wp:term":[{"taxonomy":"category","embeddable":true,"href":"https:\/\/edublog.educastur.es\/aulasverdes\/wp-json\/wp\/v2\/categories?post=180"},{"taxonomy":"post_tag","embeddable":true,"href":"https:\/\/edublog.educastur.es\/aulasverdes\/wp-json\/wp\/v2\/tags?post=180"}],"curies":[{"name":"wp","href":"https:\/\/api.w.org\/{rel}","templated":true}]}}