{"id":2089,"date":"2025-05-14T09:22:20","date_gmt":"2025-05-14T09:22:20","guid":{"rendered":"https:\/\/edublog.educastur.es\/aulasverdes\/?p=2089"},"modified":"2025-05-14T15:51:17","modified_gmt":"2025-05-14T15:51:17","slug":"feria-de-innovacion-y-creatividad","status":"publish","type":"post","link":"https:\/\/edublog.educastur.es\/aulasverdes\/2025\/05\/14\/feria-de-innovacion-y-creatividad\/","title":{"rendered":"I Feria de innovaci\u00f3n y creatividad"},"content":{"rendered":"<p><span style=\"font-family: arial, helvetica, sans-serif\">En esta noticia os queremos contar que la Universidad\u00a0 de Formaci\u00f3n\u00a0 \u00a0del\u00a0 \u00a0profesorado\u00a0 y\u00a0 Educaci\u00f3n nos invit\u00f3 a participar en la I FERIA DE INNOVACION Y EDUCACI\u00d3N. Fue una actividad muy interesante: <\/span><\/p>\n<ul>\n<li><span style=\"font-family: arial, helvetica, sans-serif\">En el stand explicamos nuestro proyecto de AULAS VERDES, muchas personas estuvieron muy interesadas. <\/span><\/li>\n<li><span style=\"font-family: arial, helvetica, sans-serif\">Hicimos dos talleres: ECOARTE y la MAR DE PLASTICO, tuvimos unos grandes monitores.<\/span><\/li>\n<li><span style=\"font-family: arial, helvetica, sans-serif\">Visitamos otros stand de centros y conocimos otros proyectos muy chulos. <\/span><\/li>\n<li><span style=\"font-family: arial, helvetica, sans-serif\">Hicimos un taller sobre reciclaje.\u00a0<\/span><\/li>\n<\/ul>\n<p style=\"text-align: center\"><span style=\"font-family: 'arial black', sans-serif;color: #ff6600\">Gracias a la clases de TVA b, E y programa por ser grandes embajadores del proyecto. En la noticia del Facebook pod\u00e9is ver las fotos de la feria.\u00a0<\/span><\/p>\n\n<!-- iframe plugin v.6.0 wordpress.org\/plugins\/iframe\/ -->\n<iframe loading=\"lazy\" src=\"https:\/\/www.facebook.com\/plugins\/post.php?href=https%3A%2F%2Fwww.facebook.com%2Fpermalink.php%3Fstory_fbid%3Dpfbid02fajKSix87BwFdEj5e5m9oYbTZNzSozyzziML55yEWR89NF3VCEjtAhCmeRfnzTo9l%26id%3D100009366805012&#038;show_text=true&#038;width=500\" width=\"500\" height=\"735\" style=\"border:none;overflow:hidden\" scrolling=\"no\" frameborder=\"0\" allowfullscreen=\"true\" 0=\"allow=&quot;autoplay;\" 1=\"clipboard-write;\" 2=\"encrypted-media;\" 3=\"picture-in-picture;\" 4=\"web-share&quot;&gt;&lt;\/iframe\" class=\"iframe-class\"><\/iframe>\n\n","protected":false},"excerpt":{"rendered":"<p>En esta noticia os queremos contar que la Universidad\u00a0 de Formaci\u00f3n\u00a0 \u00a0del\u00a0 \u00a0profesorado\u00a0 y\u00a0 Educaci\u00f3n nos invit\u00f3 a participar en la I FERIA DE INNOVACION Y EDUCACI\u00d3N. Fue una actividad muy interesante: En el stand explicamos nuestro proyecto de AULAS VERDES, muchas personas estuvieron muy interesadas. Hicimos dos talleres: ECOARTE y la MAR DE PLASTICO, [&hellip;]<\/p>\n","protected":false},"author":917,"featured_media":371,"comment_status":"open","ping_status":"open","sticky":false,"template":"","format":"standard","meta":{"footnotes":""},"categories":[14],"tags":[],"class_list":["post-2089","post","type-post","status-publish","format-standard","has-post-thumbnail","hentry","category-noticias"],"_links":{"self":[{"href":"https:\/\/edublog.educastur.es\/aulasverdes\/wp-json\/wp\/v2\/posts\/2089","targetHints":{"allow":["GET"]}}],"collection":[{"href":"https:\/\/edublog.educastur.es\/aulasverdes\/wp-json\/wp\/v2\/posts"}],"about":[{"href":"https:\/\/edublog.educastur.es\/aulasverdes\/wp-json\/wp\/v2\/types\/post"}],"author":[{"embeddable":true,"href":"https:\/\/edublog.educastur.es\/aulasverdes\/wp-json\/wp\/v2\/users\/917"}],"replies":[{"embeddable":true,"href":"https:\/\/edublog.educastur.es\/aulasverdes\/wp-json\/wp\/v2\/comments?post=2089"}],"version-history":[{"count":12,"href":"https:\/\/edublog.educastur.es\/aulasverdes\/wp-json\/wp\/v2\/posts\/2089\/revisions"}],"predecessor-version":[{"id":2103,"href":"https:\/\/edublog.educastur.es\/aulasverdes\/wp-json\/wp\/v2\/posts\/2089\/revisions\/2103"}],"wp:featuredmedia":[{"embeddable":true,"href":"https:\/\/edublog.educastur.es\/aulasverdes\/wp-json\/wp\/v2\/media\/371"}],"wp:attachment":[{"href":"https:\/\/edublog.educastur.es\/aulasverdes\/wp-json\/wp\/v2\/media?parent=2089"}],"wp:term":[{"taxonomy":"category","embeddable":true,"href":"https:\/\/edublog.educastur.es\/aulasverdes\/wp-json\/wp\/v2\/categories?post=2089"},{"taxonomy":"post_tag","embeddable":true,"href":"https:\/\/edublog.educastur.es\/aulasverdes\/wp-json\/wp\/v2\/tags?post=2089"}],"curies":[{"name":"wp","href":"https:\/\/api.w.org\/{rel}","templated":true}]}}