{"id":2123,"date":"2025-06-23T09:42:43","date_gmt":"2025-06-23T09:42:43","guid":{"rendered":"https:\/\/edublog.educastur.es\/aulasverdes\/?p=2123"},"modified":"2025-06-23T09:42:58","modified_gmt":"2025-06-23T09:42:58","slug":"fin-de-curso","status":"publish","type":"post","link":"https:\/\/edublog.educastur.es\/aulasverdes\/2025\/06\/23\/fin-de-curso\/","title":{"rendered":"FIN DE CURSO CURSO 24\/25"},"content":{"rendered":"<p><span style=\"font-family: arial, helvetica, sans-serif;color: #008000\"><span style=\"font-family: 'arial black', sans-serif\">El proyecto\u00a0<strong>Aulas Verdes<\/strong><\/span> ha seguido creciendo, manteni\u00e9ndose fiel a nuestro principio de \u00ab<strong>educar en, con y para la naturaleza\u00bb. <\/strong><\/span><\/p>\n<p><strong><span style=\"font-family: arial, helvetica, sans-serif\">Este curso, 22 clases de nuestro centro han conseguido ser AULA VERDE, y adem\u00e1s, seis centros han conseguido nuestra certificaci\u00f3n. Todas ellas aspiran a ser cada d\u00eda m\u00e1s sostenibles a trav\u00e9s de los retos que les hemos propuesto este trimestre.\u00a0<\/span><\/strong><\/p>\n<p><span style=\"font-family: arial, helvetica, sans-serif\">Este curso han conseguido ser AULA VERDE estos centros.\u00a0<\/span><\/p>\n<ol start=\"1\" data-editing-info=\"{&quot;applyListStyleFromLevel&quot;:true}\">\n<li>\n<div role=\"presentation\"><span style=\"font-family: arial, helvetica, sans-serif;color: #008000\"><b data-olk-copy-source=\"MessageBody\">IES ROSARIO ACU\u00d1A<\/b><\/span><\/div>\n<\/li>\n<li>\n<div role=\"presentation\"><span style=\"font-family: arial, helvetica, sans-serif;color: #008000\"><b>SAN CUCAO<\/b><\/span><\/div>\n<\/li>\n<li>\n<div role=\"presentation\"><span style=\"font-family: arial, helvetica, sans-serif;color: #008000\"><b>LA COROLLA<\/b><\/span><\/div>\n<\/li>\n<li>\n<div role=\"presentation\"><span style=\"font-family: arial, helvetica, sans-serif;color: #008000\"><b>PUMAR\u00cdN<\/b><\/span><\/div>\n<\/li>\n<li>\n<div role=\"presentation\"><span style=\"font-family: arial, helvetica, sans-serif;color: #008000\"><b>JACINTO BENAVENTE<\/b><\/span><\/div>\n<\/li>\n<li>\n<div role=\"presentation\"><span style=\"font-family: arial, helvetica, sans-serif;color: #008000\"><b>CERVANTES<\/b><\/span><\/div>\n<\/li>\n<\/ol>\n<p><span style=\"font-family: arial, helvetica, sans-serif\">Adem\u00e1s de los retos, hemos realizado muchas actividades, donde destacan las campa\u00f1as de <strong>Cogersa<\/strong>, las\u00a0<strong>Jornadas de Medio Ambiente del IES Vall\u00edn<\/strong>, la\u00a0<strong>I Feria de Innovaci\u00f3n y Creatividad<\/strong>\u00a0de la Universidad de Oviedo, el\u00a0<strong>mercadillo solidario navide\u00f1o<\/strong>, <strong>encuentros APS<\/strong>, entre otras.<\/span><\/p>\n<p><span style=\"font-family: arial, helvetica, sans-serif\">Hemos tenido el honor de ser finalistas en los <strong>Premios Aprendizaje Servicio 2024<\/strong>, donde presentamos nuestro proyecto\u00a0<strong>Red de Aulas Verdes<\/strong>. <\/span><\/p>\n<p><span style=\"font-family: arial, helvetica, sans-serif\">Queremos agradecer a todo el alumnado y profesorado implicado, sin cuya colaboraci\u00f3n no ser\u00eda posible seguir avanzando hacia unas escuelas m\u00e1s respetuosas con el medio ambiente.<\/span><\/p>\n<p><span style=\"font-family: arial, helvetica, sans-serif\"><em>De cara al curso que vienen abriremos un nuevo blog, donde esperamos vuestra participaci\u00f3n. Os iremos informando.\u00a0<\/em><\/span><\/p>\n<p>&nbsp;<\/p>\n","protected":false},"excerpt":{"rendered":"<p>El proyecto\u00a0Aulas Verdes ha seguido creciendo, manteni\u00e9ndose fiel a nuestro principio de \u00abeducar en, con y para la naturaleza\u00bb. Este curso, 22 clases de nuestro centro han conseguido ser AULA VERDE, y adem\u00e1s, seis centros han conseguido nuestra certificaci\u00f3n. Todas ellas aspiran a ser cada d\u00eda m\u00e1s sostenibles a trav\u00e9s de los retos que les [&hellip;]<\/p>\n","protected":false},"author":917,"featured_media":371,"comment_status":"open","ping_status":"open","sticky":false,"template":"","format":"standard","meta":{"footnotes":""},"categories":[14],"tags":[],"class_list":["post-2123","post","type-post","status-publish","format-standard","has-post-thumbnail","hentry","category-noticias"],"_links":{"self":[{"href":"https:\/\/edublog.educastur.es\/aulasverdes\/wp-json\/wp\/v2\/posts\/2123","targetHints":{"allow":["GET"]}}],"collection":[{"href":"https:\/\/edublog.educastur.es\/aulasverdes\/wp-json\/wp\/v2\/posts"}],"about":[{"href":"https:\/\/edublog.educastur.es\/aulasverdes\/wp-json\/wp\/v2\/types\/post"}],"author":[{"embeddable":true,"href":"https:\/\/edublog.educastur.es\/aulasverdes\/wp-json\/wp\/v2\/users\/917"}],"replies":[{"embeddable":true,"href":"https:\/\/edublog.educastur.es\/aulasverdes\/wp-json\/wp\/v2\/comments?post=2123"}],"version-history":[{"count":3,"href":"https:\/\/edublog.educastur.es\/aulasverdes\/wp-json\/wp\/v2\/posts\/2123\/revisions"}],"predecessor-version":[{"id":2126,"href":"https:\/\/edublog.educastur.es\/aulasverdes\/wp-json\/wp\/v2\/posts\/2123\/revisions\/2126"}],"wp:featuredmedia":[{"embeddable":true,"href":"https:\/\/edublog.educastur.es\/aulasverdes\/wp-json\/wp\/v2\/media\/371"}],"wp:attachment":[{"href":"https:\/\/edublog.educastur.es\/aulasverdes\/wp-json\/wp\/v2\/media?parent=2123"}],"wp:term":[{"taxonomy":"category","embeddable":true,"href":"https:\/\/edublog.educastur.es\/aulasverdes\/wp-json\/wp\/v2\/categories?post=2123"},{"taxonomy":"post_tag","embeddable":true,"href":"https:\/\/edublog.educastur.es\/aulasverdes\/wp-json\/wp\/v2\/tags?post=2123"}],"curies":[{"name":"wp","href":"https:\/\/api.w.org\/{rel}","templated":true}]}}