{"id":2131,"date":"2025-09-15T11:17:09","date_gmt":"2025-09-15T11:17:09","guid":{"rendered":"https:\/\/edublog.educastur.es\/aulasverdes\/?p=2131"},"modified":"2025-11-15T08:01:11","modified_gmt":"2025-11-15T08:01:11","slug":"curso-25-26","status":"publish","type":"post","link":"https:\/\/edublog.educastur.es\/aulasverdes\/2025\/09\/15\/curso-25-26\/","title":{"rendered":"CURSO 25\/26"},"content":{"rendered":"<p><span style=\"font-family: arial, helvetica, sans-serif\">El proyecto <strong>Aulas Verdes<\/strong> del centro de Castiello, iniciado en 2021, sigue creciendo y expandiendo su red con entusiasmo y compromiso.<\/span><\/p>\n<p><span style=\"font-family: arial, helvetica, sans-serif\">En nuestro centro, se continua confiando en nuestras propuestas,\u00a0 <strong>27 aulas<\/strong> se han inscrito para conseguir nuestro <strong>Certificado de Aula Verde<\/strong>, y adem\u00e1s <strong>cinco centros educativos<\/strong> se han sumado a esta propuesta dentro de un innovador proyecto de <strong>Aprendizaje-Servicio<\/strong>.<\/span><\/p>\n<h4><span style=\"font-family: arial, helvetica, sans-serif\"><strong>Novedades del curso<\/strong><\/span><\/h4>\n<p><span style=\"font-family: arial, helvetica, sans-serif\">Este a\u00f1o incorporamos una iniciativa muy especial: nuestro alumnado participa en una labor de <strong>voluntariado<\/strong> dentro de la <strong>Escuela de Saberes<\/strong>. Cada quince d\u00edas visitan una residencia de mayores cercana para compartir talleres sostenibles, canciones y bailes con sus residentes. Una experiencia que une generaciones y fomenta valores de solidaridad y convivencia.<\/span><\/p>\n<h4><span style=\"font-family: arial, helvetica, sans-serif\"><strong>\u00a1Estamos en redes sociales!<\/strong><\/span><\/h4>\n<p><span style=\"font-family: arial, helvetica, sans-serif\">Nos estrenamos en <strong>Instagram<\/strong> para que puedas seguir todas nuestras actividades y novedades.<\/span><br \/>\n<span style=\"font-family: arial, helvetica, sans-serif\">\ud83d\udc49 S\u00edguenos en Instagram: Aulas Verdes<\/span><\/p>\n<p><span style=\"font-family: arial, helvetica, sans-serif\"><a href=\"https:\/\/www.instagram.com\/aulasverdescastiello?igsh=aWswc21udjdlaW50\" target=\"_blank\" rel=\"noopener\">ENLACE INSTAGRAM AULAS VERDES<\/a><\/span><\/p>\n<h4><span style=\"font-family: arial, helvetica, sans-serif\"><strong>Pr\u00f3xim<\/strong><strong>amente, nuevo blog<\/strong><\/span><\/h4>\n<p><span style=\"font-family: arial, helvetica, sans-serif\">Estamos trabajando en la creaci\u00f3n de un nuevo espacio digital para el <strong>Proyecto Aulas Verdes<\/strong>. Muy pronto podr\u00e1s visitarlo y participar. \u00a1Os esperamos!<\/span><\/p>\n<p><span style=\"font-family: arial, helvetica, sans-serif\">El proyecto contin\u00faa este curso con la certificaci\u00f3n de nuestras aulas y con acciones que nos acercan a un objetivo com\u00fan: <strong>construir entre todos y todas un mundo mejor<\/strong>.<\/span><\/p>\n<p style=\"text-align: center\">\n<p><img loading=\"lazy\" decoding=\"async\" class=\"size-full wp-image-371 aligncenter\" style=\"font-family: 'arial black', sans-serif;text-align: center\" src=\"http:\/\/edublog.educastur.es\/aulasverdes\/files\/2021\/11\/fondo-transparente_opt-4-e1716919541154.png\" alt=\"\" width=\"100\" height=\"142\" \/><\/p>\n","protected":false},"excerpt":{"rendered":"<p>El proyecto Aulas Verdes del centro de Castiello, iniciado en 2021, sigue creciendo y expandiendo su red con entusiasmo y compromiso. En nuestro centro, se continua confiando en nuestras propuestas,\u00a0 27 aulas se han inscrito para conseguir nuestro Certificado de Aula Verde, y adem\u00e1s cinco centros educativos se han sumado a esta propuesta dentro de [&hellip;]<\/p>\n","protected":false},"author":917,"featured_media":0,"comment_status":"open","ping_status":"open","sticky":false,"template":"","format":"standard","meta":{"footnotes":""},"categories":[14],"tags":[],"class_list":["post-2131","post","type-post","status-publish","format-standard","hentry","category-noticias"],"_links":{"self":[{"href":"https:\/\/edublog.educastur.es\/aulasverdes\/wp-json\/wp\/v2\/posts\/2131","targetHints":{"allow":["GET"]}}],"collection":[{"href":"https:\/\/edublog.educastur.es\/aulasverdes\/wp-json\/wp\/v2\/posts"}],"about":[{"href":"https:\/\/edublog.educastur.es\/aulasverdes\/wp-json\/wp\/v2\/types\/post"}],"author":[{"embeddable":true,"href":"https:\/\/edublog.educastur.es\/aulasverdes\/wp-json\/wp\/v2\/users\/917"}],"replies":[{"embeddable":true,"href":"https:\/\/edublog.educastur.es\/aulasverdes\/wp-json\/wp\/v2\/comments?post=2131"}],"version-history":[{"count":7,"href":"https:\/\/edublog.educastur.es\/aulasverdes\/wp-json\/wp\/v2\/posts\/2131\/revisions"}],"predecessor-version":[{"id":2139,"href":"https:\/\/edublog.educastur.es\/aulasverdes\/wp-json\/wp\/v2\/posts\/2131\/revisions\/2139"}],"wp:attachment":[{"href":"https:\/\/edublog.educastur.es\/aulasverdes\/wp-json\/wp\/v2\/media?parent=2131"}],"wp:term":[{"taxonomy":"category","embeddable":true,"href":"https:\/\/edublog.educastur.es\/aulasverdes\/wp-json\/wp\/v2\/categories?post=2131"},{"taxonomy":"post_tag","embeddable":true,"href":"https:\/\/edublog.educastur.es\/aulasverdes\/wp-json\/wp\/v2\/tags?post=2131"}],"curies":[{"name":"wp","href":"https:\/\/api.w.org\/{rel}","templated":true}]}}