{"id":2146,"date":"2025-11-17T08:30:52","date_gmt":"2025-11-17T08:30:52","guid":{"rendered":"https:\/\/edublog.educastur.es\/aulasverdes\/?p=2146"},"modified":"2025-11-15T08:25:24","modified_gmt":"2025-11-15T08:25:24","slug":"exposicion-proyecto","status":"publish","type":"post","link":"https:\/\/edublog.educastur.es\/aulasverdes\/2025\/11\/17\/exposicion-proyecto\/","title":{"rendered":"EXPOSICI\u00d3N PROYECTO"},"content":{"rendered":"<p><img loading=\"lazy\" decoding=\"async\" class=\"size-medium wp-image-2147 aligncenter\" src=\"http:\/\/edublog.educastur.es\/aulasverdes\/files\/2025\/11\/anuncio-exposicion_instagram_red-300x300.png\" alt=\"\" width=\"300\" height=\"300\" srcset=\"https:\/\/edublog.educastur.es\/aulasverdes\/files\/2025\/11\/anuncio-exposicion_instagram_red-300x300.png 300w, https:\/\/edublog.educastur.es\/aulasverdes\/files\/2025\/11\/anuncio-exposicion_instagram_red-1024x1024.png 1024w, https:\/\/edublog.educastur.es\/aulasverdes\/files\/2025\/11\/anuncio-exposicion_instagram_red-150x150.png 150w, https:\/\/edublog.educastur.es\/aulasverdes\/files\/2025\/11\/anuncio-exposicion_instagram_red-768x768.png 768w, https:\/\/edublog.educastur.es\/aulasverdes\/files\/2025\/11\/anuncio-exposicion_instagram_red-85x85.png 85w, https:\/\/edublog.educastur.es\/aulasverdes\/files\/2025\/11\/anuncio-exposicion_instagram_red-1000x1000.png 1000w, https:\/\/edublog.educastur.es\/aulasverdes\/files\/2025\/11\/anuncio-exposicion_instagram_red.png 1080w\" sizes=\"auto, (max-width: 300px) 100vw, 300px\" \/><\/p>\n<h3 style=\"text-align: center\"><span style=\"font-family: arial, helvetica, sans-serif\"><strong>IV Exposici\u00f3n del Proyecto Aulas Verdes: \u00a1Te esperamos!<\/strong><\/span><\/h3>\n<p><span style=\"font-family: arial, helvetica, sans-serif\">Un a\u00f1o m\u00e1s, el proyecto <strong>Aulas Verdes<\/strong> sale del centro para compartir con toda la comunidad su compromiso con la naturaleza y la educaci\u00f3n ecosocial. Esta ser\u00e1 nuestra <strong>cuarta edici\u00f3n<\/strong>, y queremos que formes parte de ella.<\/span><\/p>\n<h4><span style=\"font-family: arial, helvetica, sans-serif\"><strong>\u00bfPor qu\u00e9 no puedes faltar?<\/strong><\/span><\/h4>\n<ul>\n<li><span style=\"font-family: arial, helvetica, sans-serif\"><strong>Conoce nuestros principios:<\/strong> educar <strong>en, con y para la naturaleza<\/strong>.<\/span><\/li>\n<li><span style=\"font-family: arial, helvetica, sans-serif\"><strong>Visibiliza el talento:<\/strong> trabajos realizados por nuestro alumnado, incluyendo estudiantes con diversidad funcional.<\/span><\/li>\n<li><span style=\"font-family: arial, helvetica, sans-serif\"><strong>Explora la creatividad:<\/strong> retos elaborados con materiales respetuosos con el medio ambiente.<\/span><\/li>\n<li><span style=\"font-family: arial, helvetica, sans-serif\"><strong>Disfruta en im\u00e1genes:<\/strong> fotograf\u00edas que reflejan acciones de la Certificaci\u00f3n de Aula Verde, Aprendizaje-Servicio y la Escuela de Saberes.<\/span><\/li>\n<\/ul>\n<p style=\"text-align: center\"><span style=\"font-family: arial, helvetica, sans-serif\">Ven, insp\u00edrate y descubre c\u00f3mo juntos sembramos futuro.<\/span><br \/>\n<span style=\"font-family: 'arial black', sans-serif;color: #000000\"><strong>\u00a1Te esperamos para vivir ENCLAVE Verde y crecer juntos!<\/strong><\/span><\/p>\n<p><span style=\"font-family: 'arial black', sans-serif;color: #339966\">\ud83d\udccd <strong>Lugar:<\/strong> Conseyu de la Moced\u00e1, Gij\u00f3n<\/span><\/p>\n<p><span style=\"font-family: 'arial black', sans-serif;color: #339966\">\ud83d\udcc5 <strong>Fechas:<\/strong> del <strong>26 de noviembre al 6 de diciembre<\/strong><\/span><\/p>\n<p><span style=\"font-family: 'arial black', sans-serif;color: #339966\">\ud83d\udd52 <strong>Horario:<\/strong> de <strong>lunes a viernes<\/strong>, de <strong>9:00 a 14:00<\/strong> y de <strong>17:00 a 21:00<\/strong><\/span><\/p>\n<p>&nbsp;<\/p>\n","protected":false},"excerpt":{"rendered":"<p>IV Exposici\u00f3n del Proyecto Aulas Verdes: \u00a1Te esperamos! Un a\u00f1o m\u00e1s, el proyecto Aulas Verdes sale del centro para compartir con toda la comunidad su compromiso con la naturaleza y la educaci\u00f3n ecosocial. Esta ser\u00e1 nuestra cuarta edici\u00f3n, y queremos que formes parte de ella. \u00bfPor qu\u00e9 no puedes faltar? Conoce nuestros principios: educar en, [&hellip;]<\/p>\n","protected":false},"author":917,"featured_media":0,"comment_status":"open","ping_status":"open","sticky":false,"template":"","format":"standard","meta":{"footnotes":""},"categories":[14],"tags":[],"class_list":["post-2146","post","type-post","status-publish","format-standard","hentry","category-noticias"],"_links":{"self":[{"href":"https:\/\/edublog.educastur.es\/aulasverdes\/wp-json\/wp\/v2\/posts\/2146","targetHints":{"allow":["GET"]}}],"collection":[{"href":"https:\/\/edublog.educastur.es\/aulasverdes\/wp-json\/wp\/v2\/posts"}],"about":[{"href":"https:\/\/edublog.educastur.es\/aulasverdes\/wp-json\/wp\/v2\/types\/post"}],"author":[{"embeddable":true,"href":"https:\/\/edublog.educastur.es\/aulasverdes\/wp-json\/wp\/v2\/users\/917"}],"replies":[{"embeddable":true,"href":"https:\/\/edublog.educastur.es\/aulasverdes\/wp-json\/wp\/v2\/comments?post=2146"}],"version-history":[{"count":3,"href":"https:\/\/edublog.educastur.es\/aulasverdes\/wp-json\/wp\/v2\/posts\/2146\/revisions"}],"predecessor-version":[{"id":2150,"href":"https:\/\/edublog.educastur.es\/aulasverdes\/wp-json\/wp\/v2\/posts\/2146\/revisions\/2150"}],"wp:attachment":[{"href":"https:\/\/edublog.educastur.es\/aulasverdes\/wp-json\/wp\/v2\/media?parent=2146"}],"wp:term":[{"taxonomy":"category","embeddable":true,"href":"https:\/\/edublog.educastur.es\/aulasverdes\/wp-json\/wp\/v2\/categories?post=2146"},{"taxonomy":"post_tag","embeddable":true,"href":"https:\/\/edublog.educastur.es\/aulasverdes\/wp-json\/wp\/v2\/tags?post=2146"}],"curies":[{"name":"wp","href":"https:\/\/api.w.org\/{rel}","templated":true}]}}