{"id":328,"date":"2021-11-22T16:52:18","date_gmt":"2021-11-22T16:52:18","guid":{"rendered":"https:\/\/edublog.educastur.es\/aulasverdes\/?p=328"},"modified":"2022-01-23T10:37:35","modified_gmt":"2022-01-23T10:37:35","slug":"semana-europea-de-la-prevencion-de-residuos","status":"publish","type":"post","link":"https:\/\/edublog.educastur.es\/aulasverdes\/2021\/11\/22\/semana-europea-de-la-prevencion-de-residuos\/","title":{"rendered":"SEMANA EUROPEA DE LA PREVENCI\u00d3N DE RESIDUOS"},"content":{"rendered":"<p><span style=\"font-family: arial, helvetica, sans-serif;font-size: 14pt\">Esta semana es muy especial para la naturaleza, se realizan actividades para que aprendamos que es muy importante\u00a0 <strong>cuidar la naturaleza<\/strong> cada d\u00eda un poco m\u00e1s.<\/span><\/p>\n<p>&nbsp;<\/p>\n<p><img loading=\"lazy\" decoding=\"async\" class=\"size-medium wp-image-468 aligncenter\" src=\"http:\/\/edublog.educastur.es\/aulasverdes\/files\/2021\/11\/CARTEL-225x300.jpg\" alt=\"\" width=\"225\" height=\"300\" \/><\/p>\n<p><span style=\"font-family: arial, helvetica, sans-serif;font-size: 14pt\">La Patrulla del Reciclaje de nuestro cole, nos propone est\u00e1s ideas:\u00a0\u00a0<\/span><\/p>\n<p><span style=\"font-family: arial, helvetica, sans-serif;font-size: 14pt\"><span style=\"font-family: 'arial black', sans-serif\"><span style=\"color: #008000\">CONCURSO DE CARTELES <\/span>.<\/span> Cada aula puede presentar un cartel relacionado con la prevenci\u00f3n, reciclaje, reutilizaci\u00f3n, cuidado del planeta, etc. Despu\u00e9s se har\u00e1 una exposici\u00f3n con todos.\u00a0<\/span><\/p>\n<p><span style=\"font-family: arial, helvetica, sans-serif;font-size: 14pt\"><span style=\"font-family: 'arial black', sans-serif;color: #008000\">RECREOS RESIDUOS CERO. <\/span>Convertir los VIERNES de todo el curso en d\u00edas de <\/span><span style=\"font-family: arial, helvetica, sans-serif;font-size: 14pt\">\u00ab<strong>APERITIVO CON CERO RESIDUOS<\/strong>\u00ab.<\/span><br \/>\n<span style=\"font-family: arial, helvetica, sans-serif;font-size: 14pt\">El objetivo es crear h\u00e1bitos que permitan reducir la cantidad de residuos que <\/span><span style=\"font-family: arial, helvetica, sans-serif;font-size: 14pt\">generamos (especialmente el pl\u00e1stico)<\/span><\/p>\n<p><span style=\"font-family: arial, helvetica, sans-serif;font-size: 14pt;color: #ff9900\">En la p\u00e1gina de arriba del blog, llamada LA PATRULLA DE LAS 3 R, encontrar\u00e1s ideas de <strong>c\u00f3mo reutilizar unas garrafas <\/strong>y un video que nos ense\u00f1a <strong>c\u00f3mo reciclar mejor.\u00a0<\/strong><\/span><\/p>\n<p><a href=\"https:\/\/web.microsoftstream.com\/video\/37ec6825-eb72-418c-a5bb-44d3785a8cf1\" target=\"_blank\" rel=\"noopener\">PULSA PARA VER EL VIDEO DE RECICLAJE<\/a><\/p>\n<p>&nbsp;<\/p>\n","protected":false},"excerpt":{"rendered":"<p>Esta semana es muy especial para la naturaleza, se realizan actividades para que aprendamos que es muy importante\u00a0 cuidar la naturaleza cada d\u00eda un poco m\u00e1s. &nbsp; La Patrulla del Reciclaje de nuestro cole, nos propone est\u00e1s ideas:\u00a0\u00a0 CONCURSO DE CARTELES . Cada aula puede presentar un cartel relacionado con la prevenci\u00f3n, reciclaje, reutilizaci\u00f3n, cuidado [&hellip;]<\/p>\n","protected":false},"author":917,"featured_media":0,"comment_status":"open","ping_status":"open","sticky":false,"template":"","format":"standard","meta":{"footnotes":""},"categories":[4],"tags":[],"class_list":["post-328","post","type-post","status-publish","format-standard","hentry","category-escuela-3r"],"_links":{"self":[{"href":"https:\/\/edublog.educastur.es\/aulasverdes\/wp-json\/wp\/v2\/posts\/328","targetHints":{"allow":["GET"]}}],"collection":[{"href":"https:\/\/edublog.educastur.es\/aulasverdes\/wp-json\/wp\/v2\/posts"}],"about":[{"href":"https:\/\/edublog.educastur.es\/aulasverdes\/wp-json\/wp\/v2\/types\/post"}],"author":[{"embeddable":true,"href":"https:\/\/edublog.educastur.es\/aulasverdes\/wp-json\/wp\/v2\/users\/917"}],"replies":[{"embeddable":true,"href":"https:\/\/edublog.educastur.es\/aulasverdes\/wp-json\/wp\/v2\/comments?post=328"}],"version-history":[{"count":12,"href":"https:\/\/edublog.educastur.es\/aulasverdes\/wp-json\/wp\/v2\/posts\/328\/revisions"}],"predecessor-version":[{"id":470,"href":"https:\/\/edublog.educastur.es\/aulasverdes\/wp-json\/wp\/v2\/posts\/328\/revisions\/470"}],"wp:attachment":[{"href":"https:\/\/edublog.educastur.es\/aulasverdes\/wp-json\/wp\/v2\/media?parent=328"}],"wp:term":[{"taxonomy":"category","embeddable":true,"href":"https:\/\/edublog.educastur.es\/aulasverdes\/wp-json\/wp\/v2\/categories?post=328"},{"taxonomy":"post_tag","embeddable":true,"href":"https:\/\/edublog.educastur.es\/aulasverdes\/wp-json\/wp\/v2\/tags?post=328"}],"curies":[{"name":"wp","href":"https:\/\/api.w.org\/{rel}","templated":true}]}}